{"id":4810,"date":"2026-01-06T13:44:26","date_gmt":"2026-01-06T11:44:26","guid":{"rendered":"https:\/\/isc.lviv.ua\/?p=4810"},"modified":"2026-02-25T18:35:43","modified_gmt":"2026-02-25T16:35:43","slug":"yakym-buv-nash-2025-j","status":"publish","type":"post","link":"https:\/\/isc.lviv.ua\/en\/yakym-buv-nash-2025-j\/","title":{"rendered":"What our 2025 was like"},"content":{"rendered":"\n<p><strong><strong>In planning for 2025, our team has set three priorities: finalizing and adopting a new Cultural Development Strategy of Lviv Community, submitting Lviv&#8217;s application for the European Union&#8217;s European Capital of Culture 2030 (ECoC 2030) competition, and holding the IV Culture Congress. All of this \u2014 and even more ) \u2014 was put into effect. Not all our efforts \u2014 as with ECoC \u2014 produced the desired result, but we see this as a new opportunity.<\/strong><\/strong><\/p>\n\n\n\n<figure class=\"wp-block-image size-large\"><img loading=\"lazy\" decoding=\"async\" width=\"1024\" height=\"536\" src=\"https:\/\/isc.lviv.ua\/wp-content\/uploads\/2026\/01\/523d2930-df38-425a-b155-6ff4649def0e-1-1024x536.jpg\" alt=\"\" class=\"wp-image-4913\" srcset=\"https:\/\/isc.lviv.ua\/wp-content\/uploads\/2026\/01\/523d2930-df38-425a-b155-6ff4649def0e-1-1024x536.jpg 1024w, https:\/\/isc.lviv.ua\/wp-content\/uploads\/2026\/01\/523d2930-df38-425a-b155-6ff4649def0e-1-300x157.jpg 300w, https:\/\/isc.lviv.ua\/wp-content\/uploads\/2026\/01\/523d2930-df38-425a-b155-6ff4649def0e-1-768x402.jpg 768w, https:\/\/isc.lviv.ua\/wp-content\/uploads\/2026\/01\/523d2930-df38-425a-b155-6ff4649def0e-1-1536x804.jpg 1536w, https:\/\/isc.lviv.ua\/wp-content\/uploads\/2026\/01\/523d2930-df38-425a-b155-6ff4649def0e-1.jpg 1920w\" sizes=\"auto, (max-width: 1024px) 100vw, 1024px\" \/><\/figure>\n\n\n\n<p><strong>We have already <a href=\"https:\/\/www.youtube.com\/watch?v=kwDds8CGFX0\"><u>summed up the events of the year verbally at the <\/u>Culture Congress<\/a>, but now we are also doing so in writing: here we are going to set forth everything in a chronological retrospective. Thus, these events include the aforementioned priority areas together with closely related research and analytical work, activities for exchanging experiences, socially oriented campaigns, as well as artistic projects, implemented, in particular, thanks to the ongoing cooperation with Czech and Polish partners.<\/strong><\/p>\n\n\n\n<p><strong>We are writing about this year with the knowledge that it did happen and that we are able to work thanks to those who are defending us. May the memory of those we have lost live on. We would like to express our gratitude to everyone we interacted with in 2025 and we are hopeful that we will be able to start new collaborations in 2026.<\/strong><strong>&nbsp;<\/strong><\/p>\n\n\n\n<p><strong><strong>\u201cVchynok\u201d: the smallest act can change the world<\/strong>&nbsp;<\/strong><\/p>\n\n\n\n<p>On February 18, an inscription by renowned Brno-based artist Timo appeared on the Stryiskyi bus station building in Lviv. The author depicted the word <a href=\"https:\/\/isc.lviv.ua\/en\/kozhen-vchynok-navit-najmenshyj-mozhe-zminyty-svit\/\">\u201caction\u201d<\/a> (vchynok in Ukrainian) against a white background on the end wall facing Stryiska Street. This symbolises the courage and resilience of Ukrainians in times of war.<\/p>\n\n\n\n<p>The project was dedicated to the third anniversary of Russia&#8217;s full-scale invasion of Ukraine and represented a continuation of the cooperation between Ukraine and the Czech Republic in the cultural sphere. The idea is that even the smallest action can change the world around us. The bus station was chosen as a place that has gained special significance after the full-scale invasion.<\/p>\n\n\n\n<figure class=\"wp-block-image size-large\"><img loading=\"lazy\" decoding=\"async\" width=\"1024\" height=\"683\" src=\"https:\/\/isc.lviv.ua\/wp-content\/uploads\/2026\/01\/485365473_663872566015213_8858732839041928452_n-1-1024x683.jpg\" alt=\"\" class=\"wp-image-4914\" srcset=\"https:\/\/isc.lviv.ua\/wp-content\/uploads\/2026\/01\/485365473_663872566015213_8858732839041928452_n-1-1024x683.jpg 1024w, https:\/\/isc.lviv.ua\/wp-content\/uploads\/2026\/01\/485365473_663872566015213_8858732839041928452_n-1-300x200.jpg 300w, https:\/\/isc.lviv.ua\/wp-content\/uploads\/2026\/01\/485365473_663872566015213_8858732839041928452_n-1-768x512.jpg 768w, https:\/\/isc.lviv.ua\/wp-content\/uploads\/2026\/01\/485365473_663872566015213_8858732839041928452_n-1-1536x1025.jpg 1536w, https:\/\/isc.lviv.ua\/wp-content\/uploads\/2026\/01\/485365473_663872566015213_8858732839041928452_n-1-750x500.jpg 750w, https:\/\/isc.lviv.ua\/wp-content\/uploads\/2026\/01\/485365473_663872566015213_8858732839041928452_n-1.jpg 2048w\" sizes=\"auto, (max-width: 1024px) 100vw, 1024px\" \/><\/figure>\n\n\n\n<p><em>By Vitaliy Hrabar.<\/em><\/p>\n\n\n\n<figure class=\"wp-block-image size-large\"><img loading=\"lazy\" decoding=\"async\" width=\"1024\" height=\"683\" src=\"https:\/\/isc.lviv.ua\/wp-content\/uploads\/2026\/01\/klara-hlavata-1-2-1024x683.jpg\" alt=\"\" class=\"wp-image-4916\" srcset=\"https:\/\/isc.lviv.ua\/wp-content\/uploads\/2026\/01\/klara-hlavata-1-2-1024x683.jpg 1024w, https:\/\/isc.lviv.ua\/wp-content\/uploads\/2026\/01\/klara-hlavata-1-2-300x200.jpg 300w, https:\/\/isc.lviv.ua\/wp-content\/uploads\/2026\/01\/klara-hlavata-1-2-768x512.jpg 768w, https:\/\/isc.lviv.ua\/wp-content\/uploads\/2026\/01\/klara-hlavata-1-2-1536x1025.jpg 1536w, https:\/\/isc.lviv.ua\/wp-content\/uploads\/2026\/01\/klara-hlavata-1-2-750x500.jpg 750w, https:\/\/isc.lviv.ua\/wp-content\/uploads\/2026\/01\/klara-hlavata-1-2.jpg 2048w\" sizes=\"auto, (max-width: 1024px) 100vw, 1024px\" \/><\/figure>\n\n\n\n<p><em>By Kl\u00e1ra Hlavat\u00e1<\/em>.<\/p>\n\n\n\n<p>Subsequently, the word \u201caction\u201d in the Czech language \u2014 <a href=\"https:\/\/isc.lviv.ua\/en\/u-brno-zyavyvsya-mural-skutek-vid-cheskogo-hudozhnyka-timo-cze-drugyj-napys-slova-vchynok\/\">\u201cskutek\u201d<\/a> \u2014 also appeared in Brno. Timo painted the inscription on one of the few remaining walls of the former Borromeo Monastery in the Udoln\u00ed Street. The building was destroyed at the end of the Second World War. Eighty-one years later, the consequences of the bombing are still visible, reminding us of the long process of healing the \u201cwounds\u201d of war.<\/p>\n\n\n\n<p><em>The project was implemented as part of a bilateral cooperation agreement between Lviv and Brno. It was supported by the city of Brno, the South Moravian Region, the Partnership Fund, and the V\u011btrn\u00e9 ml\u00fdny publishing house. CSI is a partner representing the city of Lviv.<\/em><\/p>\n\n\n\n<p><strong>\u201cFilling\u201d \u2014 for the third time<\/strong><\/p>\n\n\n\n<p>In 2025, the \u201cFilling\u201d campaign took place for the third time. The slogan, \u201cDonate blood \u2014 fill yourself with culture,\u201d reminds us of the campaign&#8217;s two main goals: encouraging blood donation and supporting the culture of blood donation, as well as promoting cultural institutions, projects, and activities.<\/p>\n\n\n\n<p>As part of the initiative, donors at the Lviv Regional Blood Service Center and the City Blood Center were offered the opportunity to choose and attend a cultural event, such as an exhibition, concert, or performance. More than 40 cultural institutions in Lviv and the Lviv region provided tickets and invitations. During the campaign, which ran from April 10 to May 10, a total of 2,500 flyers (invitations, tickets) offering access to theaters, galleries, art centers, music halls, and museums were distributed to blood donors.&nbsp;<\/p>\n\n\n\n<figure class=\"wp-block-image size-large\"><img loading=\"lazy\" decoding=\"async\" width=\"1024\" height=\"667\" src=\"https:\/\/isc.lviv.ua\/wp-content\/uploads\/2026\/01\/mariya-masyuk-1-1024x667.jpg\" alt=\"\" class=\"wp-image-4918\" srcset=\"https:\/\/isc.lviv.ua\/wp-content\/uploads\/2026\/01\/mariya-masyuk-1-1024x667.jpg 1024w, https:\/\/isc.lviv.ua\/wp-content\/uploads\/2026\/01\/mariya-masyuk-1-300x195.jpg 300w, https:\/\/isc.lviv.ua\/wp-content\/uploads\/2026\/01\/mariya-masyuk-1-768x500.jpg 768w, https:\/\/isc.lviv.ua\/wp-content\/uploads\/2026\/01\/mariya-masyuk-1-1536x1001.jpg 1536w, https:\/\/isc.lviv.ua\/wp-content\/uploads\/2026\/01\/mariya-masyuk-1.jpg 2048w\" sizes=\"auto, (max-width: 1024px) 100vw, 1024px\" \/><\/figure>\n\n\n\n<p><em>By Mariia Masiuk.<\/em><\/p>\n\n\n\n<p>This year, the initiative had its ambassadors! They are veterans and servicemen: Andriy Zholob, Vasyl Halamay, Valentyn Serhiychuk, and Taras Tseliukh, of blessed memory.<\/p>\n\n\n\n<p><em>The CSI organized this blood donation marathon in cooperation with the Lviv City Council, the Lviv Regional Military Administration, the Lviv Regional Blood Service Center and its Board of Trustees, the City Blood Center (First Medical Union of Lviv), and cultural institutions in the city and region.<\/em><\/p>\n\n\n\n<p><strong>Living Library: How civilians and veterans can communicate<\/strong><\/p>\n\n\n\n<p>The CSI was a partner in the MuMeet project (Culture section), which is being implemented by the City Museum. CSI representatives joined the project, focusing particularly on proper communication between people with and without military experience.<\/p>\n\n\n\n<p>On March 1, the City Museum hosted a Living Library session with Russian-Ukrainian war veterans who served as \u201cliving books.\u201d The &#8220;readers&#8221; were managers and organizers of cultural events, as well as employees of theaters, museums, and art centers. Iryna Shutka, the CSI communications manager, was among them. The six participants of the Living Library \u2014 Andriy Pentsak, Yuriy Kozlovskyi, Illia Dmytryshyn, Iryna Vasechko, Andriy Belenets, and Stanislav Dekhtyar \u2014 discussed with the attendees how to communicate with veterans sincerely and respectfully without using clich\u00e9s. They also discussed inclusion, life with disabilities, art as therapy, barriers, and ways of achieving mutual understanding.<\/p>\n\n\n\n<figure class=\"wp-block-image size-large\"><img loading=\"lazy\" decoding=\"async\" width=\"1024\" height=\"683\" src=\"https:\/\/isc.lviv.ua\/wp-content\/uploads\/2026\/01\/490001895_1104059041741191_4904754105009766424_n-1536x1024-2-1024x683.jpg\" alt=\"\" class=\"wp-image-4920\" srcset=\"https:\/\/isc.lviv.ua\/wp-content\/uploads\/2026\/01\/490001895_1104059041741191_4904754105009766424_n-1536x1024-2-1024x683.jpg 1024w, https:\/\/isc.lviv.ua\/wp-content\/uploads\/2026\/01\/490001895_1104059041741191_4904754105009766424_n-1536x1024-2-300x200.jpg 300w, https:\/\/isc.lviv.ua\/wp-content\/uploads\/2026\/01\/490001895_1104059041741191_4904754105009766424_n-1536x1024-2-768x512.jpg 768w, https:\/\/isc.lviv.ua\/wp-content\/uploads\/2026\/01\/490001895_1104059041741191_4904754105009766424_n-1536x1024-2-750x500.jpg 750w, https:\/\/isc.lviv.ua\/wp-content\/uploads\/2026\/01\/490001895_1104059041741191_4904754105009766424_n-1536x1024-2.jpg 1536w\" sizes=\"auto, (max-width: 1024px) 100vw, 1024px\" \/><\/figure>\n\n\n\n<p><em>Image source: City Museum&#8217;s facebook page.<\/em><\/p>\n\n\n\n<p>The meeting led to the creation of a series of videos and a <em>Guide.<\/em> <em>Searching for algorithms for communicating with military personnel and veterans: How we should\u2014and should not\u2014communicate.<\/em> All of these materials can be found on the <a href=\"https:\/\/citymuseum.lviv.ua\/live-library\/?fbclid=IwY2xjawPEnLRleHRuA2FlbQIxMABicmlkETFtaFRUWXRuYlVncEFiazFnc3J0YwZhcHBfaWQQMjIyMDM5MTc4ODIwMDg5MgABHleenC2XqltiAbGq9h8bSz_W2Mxog0wZzDeJ3gp1J-chJrpzJm2adVJF-IXu_aem_HyTEFg-guu2rNn5oC_gWNg\">City Museum website<\/a>. They reveal the cross-cutting priorities of the Lviv Culture Development Strategy 2035: human-centeredness, participation, and barrier-free approach.<\/p>\n\n\n\n<p><em>The MuMeet project is funded by the &#8220;Remembrance, Responsibility, and Future&#8221; (EVZ) Foundation as part of its support program, &#8220;eMistechko: A Space for Everyone.&#8221;<\/em><\/p>\n\n\n\n<p><strong>Days of Performance Art: searching for balance<\/strong> <\/p>\n\n\n\n<p>The festival \u201cDays of Performance Art in Lviv. School of Performance\u201d lasted from June 10 to 14. This was the second time it was held in cooperation with the Czech Festival of Naked Forms (FNAF), a platform focusing on the body and its expressiveness.<\/p>\n\n\n\n<p>The festival&#8217;s theme was \u201cAdaptation\u201d; it explored life in conditions of war and uncertainty; the search for balance between body and environment, between the lost and the preserved, between pain and hope. Artists from the Czech Republic, Finland, Italy, and Ukraine worked with these experiences. They were Lenka Klodov\u00e1, Darina Alster, Martin Zet, Ka\u010da Olivov\u00e1, Karolina Raimund, Anton\u00edn Brinda, Marie Zand\u00e1lkov\u00e1, Tom\u00e1\u0161 \u0160rama, Lucia Bricco, as well as Andriy Helytovych, Nataliia Lisova, Zirka Savka, Anastasiia Prozora, Nataliia Shevchenko, and Petro Ryaska.<\/p>\n\n\n\n<figure class=\"wp-block-image size-large\"><img loading=\"lazy\" decoding=\"async\" width=\"1024\" height=\"683\" src=\"https:\/\/isc.lviv.ua\/wp-content\/uploads\/2026\/01\/506449876_726538006415335_2565281678866954083_n-1-1024x683.jpg\" alt=\"\" class=\"wp-image-4921\" srcset=\"https:\/\/isc.lviv.ua\/wp-content\/uploads\/2026\/01\/506449876_726538006415335_2565281678866954083_n-1-1024x683.jpg 1024w, https:\/\/isc.lviv.ua\/wp-content\/uploads\/2026\/01\/506449876_726538006415335_2565281678866954083_n-1-300x200.jpg 300w, https:\/\/isc.lviv.ua\/wp-content\/uploads\/2026\/01\/506449876_726538006415335_2565281678866954083_n-1-768x512.jpg 768w, https:\/\/isc.lviv.ua\/wp-content\/uploads\/2026\/01\/506449876_726538006415335_2565281678866954083_n-1-1536x1025.jpg 1536w, https:\/\/isc.lviv.ua\/wp-content\/uploads\/2026\/01\/506449876_726538006415335_2565281678866954083_n-1-750x500.jpg 750w, https:\/\/isc.lviv.ua\/wp-content\/uploads\/2026\/01\/506449876_726538006415335_2565281678866954083_n-1.jpg 2048w\" sizes=\"auto, (max-width: 1024px) 100vw, 1024px\" \/><\/figure>\n\n\n\n<p><\/p>\n\n\n\n<figure class=\"wp-block-image size-large\"><img loading=\"lazy\" decoding=\"async\" width=\"1024\" height=\"678\" src=\"https:\/\/isc.lviv.ua\/wp-content\/uploads\/2026\/01\/505948585_726538089748660_6574235514309846447_n-1-1024x678.jpg\" alt=\"\" class=\"wp-image-4922\" srcset=\"https:\/\/isc.lviv.ua\/wp-content\/uploads\/2026\/01\/505948585_726538089748660_6574235514309846447_n-1-1024x678.jpg 1024w, https:\/\/isc.lviv.ua\/wp-content\/uploads\/2026\/01\/505948585_726538089748660_6574235514309846447_n-1-300x199.jpg 300w, https:\/\/isc.lviv.ua\/wp-content\/uploads\/2026\/01\/505948585_726538089748660_6574235514309846447_n-1-768x509.jpg 768w, https:\/\/isc.lviv.ua\/wp-content\/uploads\/2026\/01\/505948585_726538089748660_6574235514309846447_n-1-1536x1017.jpg 1536w, https:\/\/isc.lviv.ua\/wp-content\/uploads\/2026\/01\/505948585_726538089748660_6574235514309846447_n-1.jpg 2048w\" sizes=\"auto, (max-width: 1024px) 100vw, 1024px\" \/><\/figure>\n\n\n\n<p><em>By Roksolana Tabaka.<\/em><\/p>\n\n\n\n<p>Performances took place every evening at the Dzyga Art Center and nearby, in the Istoriya space. The performance school brought together two groups of participants in workshops led by Lenka Klodov\u00e1 and Tom\u00e1\u0161 \u0160rama. Free to attend were lectures and presentations by festival participants, Lenka Klodov\u00e1&#8217;s exhibition &#8220;The Limits of Human Emotions&#8221; at the Dzyga Art Center \u2014 documented by the artist on her own body as she experienced the news of the full-scale invasion of Ukraine.<\/p>\n\n\n\n<p>Festival curators: Yaryna Shumska, Lenka Klodov\u00e1, Vlodko Kaufman. Coordinator: Lida Savchenko-Duda.<\/p>\n\n\n\n<p><em>CSI organized the Days in collaboration with the Department of Contemporary Art Practices at the Lviv National Academy of Arts, the Dzyga Art Center, and the Istoriya space, with support from the Ministry of Culture of the Czech Republic, the Faculty of Fine Arts at Brno University of Technology, the Finnish Cultural Foundation, and the Arts Promotion Center Finland.<\/em><\/p>\n\n\n\n<p><strong>10-year Strategy for Culture<\/strong><\/p>\n\n\n\n<p>The strategy for the development of culture in the Lviv community until 2035 was adopted on July 24, 2025.<\/p>\n\n\n\n<p>This document is the result of research (surveys of residents, interviews with culture professionals, analysis of relevant materials), expert consultation, and a participatory process with representatives of the cultural sector and other spheres in 2024-2025. Worth mentioning are: large strategic session (March 2025), presentation of<a href=\"https:\/\/drive.google.com\/file\/d\/1BxlyTnAAt_HDJb_FQGlNbz3ANDZaWWVq\/view\"> the results of research on the cultural needs of community residents<\/a> as part of monitoring the current Strategy (April 17), collection of proposals for the draft of the new Strategy from experts and local residents (May), open presentation of the draft Strategy (May 30), and public hearings regarding the draft document (July 18).<\/p>\n\n\n\n<figure class=\"wp-block-image size-large\"><img loading=\"lazy\" decoding=\"async\" width=\"1024\" height=\"683\" src=\"https:\/\/isc.lviv.ua\/wp-content\/uploads\/2026\/01\/strategiya-_-grabar-1024x683.jpg\" alt=\"\" class=\"wp-image-4925\" srcset=\"https:\/\/isc.lviv.ua\/wp-content\/uploads\/2026\/01\/strategiya-_-grabar-1024x683.jpg 1024w, https:\/\/isc.lviv.ua\/wp-content\/uploads\/2026\/01\/strategiya-_-grabar-300x200.jpg 300w, https:\/\/isc.lviv.ua\/wp-content\/uploads\/2026\/01\/strategiya-_-grabar-768x512.jpg 768w, https:\/\/isc.lviv.ua\/wp-content\/uploads\/2026\/01\/strategiya-_-grabar-1536x1025.jpg 1536w, https:\/\/isc.lviv.ua\/wp-content\/uploads\/2026\/01\/strategiya-_-grabar-750x500.jpg 750w, https:\/\/isc.lviv.ua\/wp-content\/uploads\/2026\/01\/strategiya-_-grabar.jpg 2048w\" sizes=\"auto, (max-width: 1024px) 100vw, 1024px\" \/><\/figure>\n\n\n\n<p><em>By Vitaliy Hrabar.<\/em><\/p>\n\n\n\n<figure class=\"wp-block-image size-large\"><img loading=\"lazy\" decoding=\"async\" width=\"1024\" height=\"680\" src=\"https:\/\/isc.lviv.ua\/wp-content\/uploads\/2026\/01\/strtaegiya-_-30-travnya-2-1-1024x680.jpg\" alt=\"\" class=\"wp-image-4926\" srcset=\"https:\/\/isc.lviv.ua\/wp-content\/uploads\/2026\/01\/strtaegiya-_-30-travnya-2-1-1024x680.jpg 1024w, https:\/\/isc.lviv.ua\/wp-content\/uploads\/2026\/01\/strtaegiya-_-30-travnya-2-1-300x199.jpg 300w, https:\/\/isc.lviv.ua\/wp-content\/uploads\/2026\/01\/strtaegiya-_-30-travnya-2-1-768x510.jpg 768w, https:\/\/isc.lviv.ua\/wp-content\/uploads\/2026\/01\/strtaegiya-_-30-travnya-2-1-1536x1020.jpg 1536w, https:\/\/isc.lviv.ua\/wp-content\/uploads\/2026\/01\/strtaegiya-_-30-travnya-2-1.jpg 2048w\" sizes=\"auto, (max-width: 1024px) 100vw, 1024px\" \/><\/figure>\n\n\n\n<p>Strategy 2035 sets out a vision for the sector that takes into account the realities of wartime and the important role of culture in these conditions, while continuing the practice of strategic planning at the local level. Its nature is determined by the context of Russia&#8217;s full-scale war against Ukraine and the prospect of post-war recovery and reconstruction of the country, by the need to strengthen national security, social stability, and cultural capabilities, by the existence of the Strategy for Cultural Development in Ukraine until 2030, as well as by the European integration process and Lviv&#8217;s participation in the international competition ECoC 2030. Meanwhile, 2025 marked the final year of the Lviv Cultural Development Strategyadopted in 2017.<\/p>\n\n\n\n<p>The new Strategy outlines the vision of Lviv as a \u201cEuropean city of living memory, relevant heritage, and new meanings,\u201d and that of its culture \u2014 as \u201ca force that creates, develops, and transforms the city,\u201d \u201cis forming a space of responsibility, mutual care, solidarity, and connection with a place for everyone.\u201d The stated mission is \u201cto promote the transformation of Lviv through culture \u2014 as a space for knowledge, memory, action, and imagination. To develop culture as a common good that unites the community, heals and restores it, nourishes the city&#8217;s identity, and strengthens its resilience.\u201d<\/p>\n\n\n\n<figure class=\"wp-block-image size-large\"><img loading=\"lazy\" decoding=\"async\" width=\"1024\" height=\"629\" src=\"https:\/\/isc.lviv.ua\/wp-content\/uploads\/2026\/01\/509441310_729011306168005_292968994631284550_n-1-1-1024x629.jpg\" alt=\"\" class=\"wp-image-4927\" srcset=\"https:\/\/isc.lviv.ua\/wp-content\/uploads\/2026\/01\/509441310_729011306168005_292968994631284550_n-1-1-1024x629.jpg 1024w, https:\/\/isc.lviv.ua\/wp-content\/uploads\/2026\/01\/509441310_729011306168005_292968994631284550_n-1-1-300x184.jpg 300w, https:\/\/isc.lviv.ua\/wp-content\/uploads\/2026\/01\/509441310_729011306168005_292968994631284550_n-1-1-768x471.jpg 768w, https:\/\/isc.lviv.ua\/wp-content\/uploads\/2026\/01\/509441310_729011306168005_292968994631284550_n-1-1-1536x943.jpg 1536w, https:\/\/isc.lviv.ua\/wp-content\/uploads\/2026\/01\/509441310_729011306168005_292968994631284550_n-1-1.jpg 2048w\" sizes=\"auto, (max-width: 1024px) 100vw, 1024px\" \/><\/figure>\n\n\n\n<p><\/p>\n\n\n\n<figure class=\"wp-block-image size-large\"><img loading=\"lazy\" decoding=\"async\" width=\"1024\" height=\"642\" src=\"https:\/\/isc.lviv.ua\/wp-content\/uploads\/2026\/01\/strategiya-_-tetyana-shtyfurko-roman-baluk-anastasia-osculata-1-2-1024x642.jpg\" alt=\"\" class=\"wp-image-4968\" srcset=\"https:\/\/isc.lviv.ua\/wp-content\/uploads\/2026\/01\/strategiya-_-tetyana-shtyfurko-roman-baluk-anastasia-osculata-1-2-1024x642.jpg 1024w, https:\/\/isc.lviv.ua\/wp-content\/uploads\/2026\/01\/strategiya-_-tetyana-shtyfurko-roman-baluk-anastasia-osculata-1-2-300x188.jpg 300w, https:\/\/isc.lviv.ua\/wp-content\/uploads\/2026\/01\/strategiya-_-tetyana-shtyfurko-roman-baluk-anastasia-osculata-1-2-768x482.jpg 768w, https:\/\/isc.lviv.ua\/wp-content\/uploads\/2026\/01\/strategiya-_-tetyana-shtyfurko-roman-baluk-anastasia-osculata-1-2-1536x963.jpg 1536w, https:\/\/isc.lviv.ua\/wp-content\/uploads\/2026\/01\/strategiya-_-tetyana-shtyfurko-roman-baluk-anastasia-osculata-1-2.jpg 2048w\" sizes=\"auto, (max-width: 1024px) 100vw, 1024px\" \/><\/figure>\n\n\n\n<p>The document emphasizes the priorities of human-centeredness, participation, barrier-free approach, sustainable development, and technological advancement. It defines six strategic areas:<\/p>\n\n\n\n<ul class=\"wp-block-list\">\n<li>culture as a factor in national security;<\/li>\n\n\n\n<li>human capital and education;<\/li>\n\n\n\n<li>cultural heritage and memory;<\/li>\n\n\n\n<li>innovation in culture;<\/li>\n\n\n\n<li>management, financing, infrastructure;<\/li>\n\n\n\n<li>city cultural diplomacy.<\/li>\n<\/ul>\n\n\n\n<p>Strategy 2035 is a framework strategy that will be implemented on the principles of flexible management, allowing for a dynamic response to changes. Here is the <a href=\"https:\/\/drive.google.com\/file\/d\/1tTcGmtnJfTJaqj_bG5IyNgqRooogHsDV\/view\">full text of the Cultural Development Strategy of Lviv Community 2035<\/a>, and here is <a href=\"https:\/\/drive.google.com\/file\/d\/1umrUxenulQ33g5cDPBILyxAAXACSQ5vZ\/view\">a short presentation of the document<\/a> (in English).<\/p>\n\n\n\n<p>The Strategy was developed by the CSI. The group that worked on the document included Iryna Kulynych, Oleksii Taraban, Antin Borkovskyi, Leila Melesova-Valchak, Andriy Kurochka, Tetiana Balukova, Andriy Pundor, Mariana Kuzemska, and Bohdana Brylynska, with expert advice from Robert Palmer, Olha Sahaidak, and Mykola Skyba.<\/p>\n\n\n\n<p><strong>Labyrinth of Responsibility: a social installation<\/strong><\/p>\n\n\n\n<p>The Labyrinth of Responsibility is a social installation that presented some of the protest posters that appeared in Lviv during July demonstrations in defense of the independence of anti-corruption institutions in Ukraine.<\/p>\n\n\n\n<p>Compared to previous Ukrainian protest experiences, the rallies in the summer of 2025 were somewhat different in form and language (in a broad sense). Globally, they demonstrated that even in the difficult circumstances of war, Ukrainians are aware about ongoing processes in their state and are ready to take responsibility and defend democratic values. The perspective through which we viewed these actions resonates with Lviv&#8217;s concept as a candidate city for the title of ECoC \u2014 \u201cResponsibility to Be.\u201d<\/p>\n\n\n\n<figure class=\"wp-block-image size-large\"><img loading=\"lazy\" decoding=\"async\" width=\"1024\" height=\"626\" src=\"https:\/\/isc.lviv.ua\/wp-content\/uploads\/2026\/01\/tetyana-shtyfurko-1-2-1024x626.jpg\" alt=\"\" class=\"wp-image-4930\" srcset=\"https:\/\/isc.lviv.ua\/wp-content\/uploads\/2026\/01\/tetyana-shtyfurko-1-2-1024x626.jpg 1024w, https:\/\/isc.lviv.ua\/wp-content\/uploads\/2026\/01\/tetyana-shtyfurko-1-2-300x183.jpg 300w, https:\/\/isc.lviv.ua\/wp-content\/uploads\/2026\/01\/tetyana-shtyfurko-1-2-768x470.jpg 768w, https:\/\/isc.lviv.ua\/wp-content\/uploads\/2026\/01\/tetyana-shtyfurko-1-2-1536x939.jpg 1536w, https:\/\/isc.lviv.ua\/wp-content\/uploads\/2026\/01\/tetyana-shtyfurko-1-2.jpg 2048w\" sizes=\"auto, (max-width: 1024px) 100vw, 1024px\" \/><\/figure>\n\n\n\n<p><em>By Tetiana Shtyfurko.<\/em><\/p>\n\n\n\n<p>The installation was presented on August 9 as part of the Youth Day in the Shevchenkivskyi Hay. The idea was coordinated by Vlodko Kaufman, artist and curator.<\/p>\n\n\n\n<p><em>The Student Council of the Ukrainian Catholic University helped the CSI collect the posters.<\/em><\/p>\n\n\n\n<p><strong>Independence Lecture by Oksana Zabuzhko<\/strong><\/p>\n\n\n\n<p>On August 22, the fifth Independence Lecture took place at the Memorial of Heavenly Hundred Heroes in Lviv. The lecture, entitled \u201cIndependence \u2014 and what next? Culture and security,\u201d was given by Oksana Zabuzhko, writer, literary scholar, and philosopher.<\/p>\n\n\n\n<figure class=\"wp-block-image size-large\"><img loading=\"lazy\" decoding=\"async\" width=\"1024\" height=\"683\" src=\"https:\/\/isc.lviv.ua\/wp-content\/uploads\/2026\/01\/lekcziya-nezalezhnosti-_-iryna-sereda-2-1-1024x683.jpg\" alt=\"\" class=\"wp-image-4933\" srcset=\"https:\/\/isc.lviv.ua\/wp-content\/uploads\/2026\/01\/lekcziya-nezalezhnosti-_-iryna-sereda-2-1-1024x683.jpg 1024w, https:\/\/isc.lviv.ua\/wp-content\/uploads\/2026\/01\/lekcziya-nezalezhnosti-_-iryna-sereda-2-1-300x200.jpg 300w, https:\/\/isc.lviv.ua\/wp-content\/uploads\/2026\/01\/lekcziya-nezalezhnosti-_-iryna-sereda-2-1-768x512.jpg 768w, https:\/\/isc.lviv.ua\/wp-content\/uploads\/2026\/01\/lekcziya-nezalezhnosti-_-iryna-sereda-2-1-1536x1024.jpg 1536w, https:\/\/isc.lviv.ua\/wp-content\/uploads\/2026\/01\/lekcziya-nezalezhnosti-_-iryna-sereda-2-1-750x500.jpg 750w, https:\/\/isc.lviv.ua\/wp-content\/uploads\/2026\/01\/lekcziya-nezalezhnosti-_-iryna-sereda-2-1.jpg 2048w\" sizes=\"auto, (max-width: 1024px) 100vw, 1024px\" \/><\/figure>\n\n\n\n<p><em>By Iryna Sereda.<\/em><\/p>\n\n\n\n<p>The lecturer revisited the questions posed by Yuri Shevelov in his 1979 essay, \u201cLife in Reykjav\u00edk, or Independence\u2014and What Tomorrow?\u201d She spoke about the need to think about culture in the context of a \u201csecurity belt\u201d: culture is a form of security, it preserves identity and helps to form collective responsibility. And a \u201ccultural passport\u201d protects: the world would not accept the destruction of those who have a well-known rich and enduring culture. According to the speaker, the West must realize that here, in Ukraine, Russia is now destroying not only human lives and modern lifestyle, but also a thousand-year-old culture that is an integral part of European and world civilization.<\/p>\n\n\n\n<p><a href=\"https:\/\/isc.lviv.ua\/oksana-zabuzhko-nezalezhnist-i-shho-zavtra-kultura-i-bezpeka-tekst-i-video\/\">The text of the lecture<\/a> is available here, and the video recording is below:<\/p>\n\n\n\n<figure class=\"wp-block-embed is-type-video is-provider-youtube wp-block-embed-youtube wp-embed-aspect-16-9 wp-has-aspect-ratio\"><div class=\"wp-block-embed__wrapper\">\n<iframe loading=\"lazy\" title=\"\u00ab\u201d\u041d\u0435\u0437\u0430\u043b\u0435\u0436\u043d\u0456\u0441\u0442\u044c \u2014 \u0456 \u0449\u043e \u0437\u0430\u0432\u0442\u0440\u0430?\u201d \u041a\u0443\u043b\u044c\u0442\u0443\u0440\u0430 \u0456 \u0431\u0435\u0437\u043f\u0435\u043a\u0430\u00bb | \u041b\u0435\u043a\u0446\u0456\u044f \u041d\u0435\u0437\u0430\u043b\u0435\u0436\u043d\u043e\u0441\u0442\u0456 2025 \u0432\u0456\u0434 \u041e\u043a\u0441\u0430\u043d\u0438 \u0417\u0430\u0431\u0443\u0436\u043a\u043e\" width=\"640\" height=\"360\" src=\"https:\/\/www.youtube.com\/embed\/PeQ5zcU-6xw?start=2883&#038;feature=oembed\" frameborder=\"0\" allow=\"accelerometer; autoplay; clipboard-write; encrypted-media; gyroscope; picture-in-picture; web-share\" referrerpolicy=\"strict-origin-when-cross-origin\" allowfullscreen><\/iframe>\n<\/div><\/figure>\n\n\n\n<p>During the meeting, donations were also collected for Oleksiy Payanychka, a theater scholar and critic, and his companions-in-arms from the 57th Separate Mechanized Brigade.<\/p>\n\n\n\n<p>The Independence Lecture is a tradition started by the CSI in 2021 and timed to coincide with August 24, the date that marks the restoration of Ukraine&#8217;s independence. Together with invited lecturers, we record the moods and values of Ukrainian society, critically review the past, and think about the future.<\/p>\n\n\n\n<p><em>Traditionally, CSI organized the event in partnership with and with the support of the \u0417MIN Foundation and the Lviv City Council.<\/em><\/p>\n\n\n\n<p><strong>About Ukraine and the Ukrainian steppe in Brno&nbsp;<\/strong><\/p>\n\n\n\n<p>From August 20 to 24, the Ukrainian-Czech festival Bu\u010f L\u00e1ska took place in Brno (Czech Republic). A series of diplomatic actions, art events, film screenings and parties, networking, fairs, and charity auctions were held. An important part of the festival was a presentation session held by the CSI for Czech activists regarding the concept and program of Lviv&#8217;s bid for the title of ECoC 2030.<\/p>\n\n\n\n<p>Another component was \u201cPov\u00eddky o stepi. Sofiia Korotkevych \/\/ Stories about the Steppe.\u201d This was an exhibition by Lviv artist Sofia Korotkevych, which took place from August 23 to September 10 at K\u00e1znice \u017eije, a historic prison that is currently being transformed into an art center.<\/p>\n\n\n\n<figure class=\"wp-block-image size-large\"><img loading=\"lazy\" decoding=\"async\" width=\"1024\" height=\"683\" src=\"https:\/\/isc.lviv.ua\/wp-content\/uploads\/2026\/01\/majda-slamova-2-1-1024x683.jpg\" alt=\"\" class=\"wp-image-4934\" srcset=\"https:\/\/isc.lviv.ua\/wp-content\/uploads\/2026\/01\/majda-slamova-2-1-1024x683.jpg 1024w, https:\/\/isc.lviv.ua\/wp-content\/uploads\/2026\/01\/majda-slamova-2-1-300x200.jpg 300w, https:\/\/isc.lviv.ua\/wp-content\/uploads\/2026\/01\/majda-slamova-2-1-768x512.jpg 768w, https:\/\/isc.lviv.ua\/wp-content\/uploads\/2026\/01\/majda-slamova-2-1-1536x1025.jpg 1536w, https:\/\/isc.lviv.ua\/wp-content\/uploads\/2026\/01\/majda-slamova-2-1-750x500.jpg 750w, https:\/\/isc.lviv.ua\/wp-content\/uploads\/2026\/01\/majda-slamova-2-1.jpg 2048w\" sizes=\"auto, (max-width: 1024px) 100vw, 1024px\" \/><\/figure>\n\n\n\n<p><em>By Majda Slamova.<\/em><\/p>\n\n\n\n<p>The author presented a series of graphics, a contact installation, and glass objects. The latter contain plants from the Ukrainian steppe that were burned in a muffle furnace; they were given to the artist by friends who are undergoing military service in southern Ukraine. The literal burning of plants refers to the suffering of natural landscapes due to hostilities.<\/p>\n\n\n\n<p>The art project was supervised by CSI manager Yaryna Korotkevych, who also coordinated the festival on behalf of Lviv.<\/p>\n\n\n\n<p><em>Partners that organized the Festival: Ukrajinsk\u00e1 iniciativa ji\u017en\u00ed Moravy \/ Ukrainian Initiative of South Moravia, Koridor UA, and TIC Brno.<\/em><\/p>\n\n\n\n<p><strong>\u201cCzech Dreams\u201d continue<\/strong><\/p>\n\n\n\n<p>The history of Czech support for Ukraine and the development of partnerships and cultural ties between Lviv and Brno continued with the festival \u201cCzech Dreams 2025\u201d (\u010cesk\u00e9 sny). It took place in Lviv for the second time.<\/p>\n\n\n\n<p>From September 18 to 21, Czech Dreams offered a rich art program. This included a concert by V\u00e1clav Petr (cello) and David Mare\u010dek (piano) at the Lviv Opera House. Dukla, Zapaska, Jan Fic, SAKOBI, Sofia Leshyshak, Neyodovana, Myklukho-Maklai, and Ocheretyanyi Kit performed at Dzyga and in public spaces around the city. There was also an exhibition by Majda Sl\u00e1mov\u00e1, sound installations by Petr Valek, and more.<\/p>\n\n\n\n<p>An important part of the festival was a conference dedicated to Czech-Ukrainian cultural cooperation. The topics discussed included the preservation of cultural heritage, financing culture, and mental health. During the meeting at the CSI, representatives of teams from Lviv and Brno \u2014 David Dietrich, Jana Janul\u00edkov\u00e1, Marek Fischer, Hryhorii Semenchuk, and others \u2014 discussed future festivals and cooperation.&nbsp;<\/p>\n\n\n\n<figure class=\"wp-block-image size-large\"><img loading=\"lazy\" decoding=\"async\" width=\"1024\" height=\"683\" src=\"https:\/\/isc.lviv.ua\/wp-content\/uploads\/2026\/01\/cheski-sny-4-1-1024x683.jpg\" alt=\"\" class=\"wp-image-4935\" srcset=\"https:\/\/isc.lviv.ua\/wp-content\/uploads\/2026\/01\/cheski-sny-4-1-1024x683.jpg 1024w, https:\/\/isc.lviv.ua\/wp-content\/uploads\/2026\/01\/cheski-sny-4-1-300x200.jpg 300w, https:\/\/isc.lviv.ua\/wp-content\/uploads\/2026\/01\/cheski-sny-4-1-768x512.jpg 768w, https:\/\/isc.lviv.ua\/wp-content\/uploads\/2026\/01\/cheski-sny-4-1-1536x1025.jpg 1536w, https:\/\/isc.lviv.ua\/wp-content\/uploads\/2026\/01\/cheski-sny-4-1-750x500.jpg 750w, https:\/\/isc.lviv.ua\/wp-content\/uploads\/2026\/01\/cheski-sny-4-1.jpg 2048w\" sizes=\"auto, (max-width: 1024px) 100vw, 1024px\" \/><\/figure>\n\n\n\n<p><\/p>\n\n\n\n<figure class=\"wp-block-image size-large\"><img loading=\"lazy\" decoding=\"async\" width=\"1024\" height=\"683\" src=\"https:\/\/isc.lviv.ua\/wp-content\/uploads\/2026\/01\/cheski-sny-2-1-1024x683.jpg\" alt=\"\" class=\"wp-image-4936\" srcset=\"https:\/\/isc.lviv.ua\/wp-content\/uploads\/2026\/01\/cheski-sny-2-1-1024x683.jpg 1024w, https:\/\/isc.lviv.ua\/wp-content\/uploads\/2026\/01\/cheski-sny-2-1-300x200.jpg 300w, https:\/\/isc.lviv.ua\/wp-content\/uploads\/2026\/01\/cheski-sny-2-1-768x512.jpg 768w, https:\/\/isc.lviv.ua\/wp-content\/uploads\/2026\/01\/cheski-sny-2-1-1536x1025.jpg 1536w, https:\/\/isc.lviv.ua\/wp-content\/uploads\/2026\/01\/cheski-sny-2-1-750x500.jpg 750w, https:\/\/isc.lviv.ua\/wp-content\/uploads\/2026\/01\/cheski-sny-2-1.jpg 2048w\" sizes=\"auto, (max-width: 1024px) 100vw, 1024px\" \/><\/figure>\n\n\n\n<p><em><em>Image source: <em>\u010cesk\u00e9 sny<\/em> facebook page.<\/em><\/em><\/p>\n\n\n\n<p><em>The event was organized by the Czech Center in Kyiv, the Ministry of Culture of the Czech Republic, the Consulate General of the Czech Republic in Lviv, the Lviv City Council, and cultural institutions of the city under the patronage of Martin Baxa, Minister of Culture of the Czech Republic, Mark\u00e9ta Vankov\u00e1, Mayor of Brno, Andriy Sadovyi, Mayor of Lviv, Jan Hrolik, Governor of the South Moravian Region, and Maksym Kozytskyi, Head of Lviv Regional Military Administration.<\/em><\/p>\n\n\n\n<p><strong>The road to the ECoC status \u2014 and beyond<\/strong><\/p>\n\n\n\n<p>In 2025, Lviv&#8217;s journey in the competition for the European Capital of Culture 2030 came to an end. However, this was not the final stop: Lviv will continue to work on the ideas proposed in its competition application, \u201cResponsibility to Be.\u201d<\/p>\n\n\n\n<p>On October 20, in Brussels, the Lviv team defended the city&#8217;s application before the competition commission, and the next day the result was announced: Lviv was not awarded the ECoC title. The finale of the competition was the culmination of two years of work on the city&#8217;s application, which brought together more than a thousand specialists, primarily in the field of culture, as well as a number of other spheres. At the same time, it is the culmination of a longer story that began in the 2010s, when the idea of applying for the title of ECoC for Lviv was born, if such an opportunity arose. It opened up with Ukraine&#8217;s acquisition of candidate status for accession to the European Union (2022). Lviv became the first Ukrainian city to participate in the European Union competition (among cities of candidate countries or potential candidates for EU membership, EFTA\/EEA countries). The CSI coordinated the process of developing and submitting the application for the ECoC 2030 competition.<\/p>\n\n\n\n<figure class=\"wp-block-image size-large\"><img loading=\"lazy\" decoding=\"async\" width=\"1024\" height=\"683\" src=\"https:\/\/isc.lviv.ua\/wp-content\/uploads\/2026\/01\/anastasiya-smolyenko-1-1-1024x683.jpg\" alt=\"\" class=\"wp-image-4937\" srcset=\"https:\/\/isc.lviv.ua\/wp-content\/uploads\/2026\/01\/anastasiya-smolyenko-1-1-1024x683.jpg 1024w, https:\/\/isc.lviv.ua\/wp-content\/uploads\/2026\/01\/anastasiya-smolyenko-1-1-300x200.jpg 300w, https:\/\/isc.lviv.ua\/wp-content\/uploads\/2026\/01\/anastasiya-smolyenko-1-1-768x512.jpg 768w, https:\/\/isc.lviv.ua\/wp-content\/uploads\/2026\/01\/anastasiya-smolyenko-1-1-1536x1025.jpg 1536w, https:\/\/isc.lviv.ua\/wp-content\/uploads\/2026\/01\/anastasiya-smolyenko-1-1-750x500.jpg 750w, https:\/\/isc.lviv.ua\/wp-content\/uploads\/2026\/01\/anastasiya-smolyenko-1-1.jpg 2048w\" sizes=\"auto, (max-width: 1024px) 100vw, 1024px\" \/><\/figure>\n\n\n\n<p><em>By Anastasiia Smolienko.<\/em><\/p>\n\n\n\n<p>Lviv prepared its application for the finale throughout 2025, until its submission in mid-September. It was an intense process: deepening and detailing the ideas proposed in the first round (2024), developing new ones, actively communicating within the city and with partners around the world, writing and designing the application. And on October 13, the competition jury paid a several-hour online visit to Lviv.<\/p>\n\n\n\n<p>Despite the outcome of the competition, Lviv will develop the ideas proposed in the application, since they are important and relevant to the cultural community, the city, the Ukrainian society, and Europe. The concept of \u201cResponsibility to Be\u201d is about the importance of cooperation, the capacity of the community and culture in difficult times, especially during wartime. Culture emerges as a force that bears witness, cares, imagines the future, allows us to remain human despite difficult challenges, and provides support in critical moments. Lviv&#8217;s application invited all of Europe to engage in dialogue on these topics and to responsibly co-create the future through culture.<\/p>\n\n\n\n<figure class=\"wp-block-embed is-type-video is-provider-youtube wp-block-embed-youtube wp-embed-aspect-16-9 wp-has-aspect-ratio\"><div class=\"wp-block-embed__wrapper\">\n<iframe loading=\"lazy\" title=\"Our Responsibility to Be \/\/ Lviv for European Capital of Culture 2030 title\" width=\"640\" height=\"360\" src=\"https:\/\/www.youtube.com\/embed\/s0F_WDTnXZI?start=13&#038;feature=oembed\" frameborder=\"0\" allow=\"accelerometer; autoplay; clipboard-write; encrypted-media; gyroscope; picture-in-picture; web-share\" referrerpolicy=\"strict-origin-when-cross-origin\" allowfullscreen><\/iframe>\n<\/div><\/figure>\n\n\n\n<p>The development of the application during the war is a story of solidarity between different communities around culture and the idea of conscious, responsible living. It is the result of close cooperation between the public sector, state and local authorities, municipal institutions and independent actors, universities, and international actors. It is the development of ties with institutions from over 130 cities on different continents, ECoC cities, Lviv&#8217;s twin cities, cultural platforms, and networks. Representatives of Lviv took part in a series of professional meetings, including more than 10 international events (Chemnitz, Molenbeek, Brussels, Brno, Barcelona). We are especially grateful for the professional advice and support provided by Robert Palmer (United Kingdom), an expert in cultural policy and strategy and a member of the CSI Supervisory Board, during the application process.<\/p>\n\n\n\n<p>Lviv&#8217;s participation in the ECoC competition became the basis for the development of a corresponding city program \u2014 on December 18, the Lviv City Council approved the program \u201cResponsibility to Be\u201d for 2025-2030. The program aims to integrate the systematic developments of Lviv&#8217;s application for the title of ECoC 2030 into the community&#8217;s long-term cultural policy. It is expected to be implemented through a combination of contributions from the city budget, from the government (in particular, the Ukrainian Cultural Foundation), and from fundraising campaigns.<\/p>\n\n\n\n<figure class=\"wp-block-image size-large\"><img loading=\"lazy\" decoding=\"async\" width=\"1024\" height=\"683\" src=\"https:\/\/isc.lviv.ua\/wp-content\/uploads\/2026\/01\/499595069_708860378183098_2424931382246757753_n-1-1024x683.jpg\" alt=\"\" class=\"wp-image-4938\" srcset=\"https:\/\/isc.lviv.ua\/wp-content\/uploads\/2026\/01\/499595069_708860378183098_2424931382246757753_n-1-1024x683.jpg 1024w, https:\/\/isc.lviv.ua\/wp-content\/uploads\/2026\/01\/499595069_708860378183098_2424931382246757753_n-1-300x200.jpg 300w, https:\/\/isc.lviv.ua\/wp-content\/uploads\/2026\/01\/499595069_708860378183098_2424931382246757753_n-1-768x512.jpg 768w, https:\/\/isc.lviv.ua\/wp-content\/uploads\/2026\/01\/499595069_708860378183098_2424931382246757753_n-1-1536x1024.jpg 1536w, https:\/\/isc.lviv.ua\/wp-content\/uploads\/2026\/01\/499595069_708860378183098_2424931382246757753_n-1-750x500.jpg 750w, https:\/\/isc.lviv.ua\/wp-content\/uploads\/2026\/01\/499595069_708860378183098_2424931382246757753_n-1.jpg 2048w\" sizes=\"auto, (max-width: 1024px) 100vw, 1024px\" \/><\/figure>\n\n\n\n<p><\/p>\n\n\n\n<figure class=\"wp-block-image size-large\"><img loading=\"lazy\" decoding=\"async\" width=\"1024\" height=\"683\" src=\"https:\/\/isc.lviv.ua\/wp-content\/uploads\/2026\/01\/581146014_843614031374398_7335795603489643012_n-1-1024x683.jpg\" alt=\"\" class=\"wp-image-4939\" srcset=\"https:\/\/isc.lviv.ua\/wp-content\/uploads\/2026\/01\/581146014_843614031374398_7335795603489643012_n-1-1024x683.jpg 1024w, https:\/\/isc.lviv.ua\/wp-content\/uploads\/2026\/01\/581146014_843614031374398_7335795603489643012_n-1-300x200.jpg 300w, https:\/\/isc.lviv.ua\/wp-content\/uploads\/2026\/01\/581146014_843614031374398_7335795603489643012_n-1-768x512.jpg 768w, https:\/\/isc.lviv.ua\/wp-content\/uploads\/2026\/01\/581146014_843614031374398_7335795603489643012_n-1-1536x1024.jpg 1536w, https:\/\/isc.lviv.ua\/wp-content\/uploads\/2026\/01\/581146014_843614031374398_7335795603489643012_n-1-750x500.jpg 750w, https:\/\/isc.lviv.ua\/wp-content\/uploads\/2026\/01\/581146014_843614031374398_7335795603489643012_n-1.jpg 2048w\" sizes=\"auto, (max-width: 1024px) 100vw, 1024px\" \/><\/figure>\n\n\n\n<p><em>By Roman Baluk.<\/em><\/p>\n\n\n\n<p>The team of Lviv as a candidate city for the title of ECoC 2030 received a special award in the city competition for people of culture \u201cfor a significant contribution to the development of culture, for the development and presentation of the program of Lviv \u2014 European Capital of Culture, and for the promotion of Ukrainian culture on the international arena.\u201d The team allocated the monetary component of the award to the preparation and publication of art books in memory of cultural figures who stood up for Ukraine against Russian aggression and whom we lost in this war: \u201cKlyufas.Kobenko\u201d and \u201cImage of a Fish\u201d (in memory of Yevhen Hulevych).<\/p>\n\n\n\n<p>At the same time, the story of \u201cResponsibility to Be\u201d \u2014 as an example of uniting representatives of different sectors and partners in Ukraine and abroad around the idea of responsibility and culture \u2014 was submitted for the Bohdan Hawrylyshyn Family Foundation&#8217;s Responsibility Award.<\/p>\n\n\n\n<figure class=\"wp-block-image size-large\"><img loading=\"lazy\" decoding=\"async\" width=\"1024\" height=\"683\" src=\"https:\/\/isc.lviv.ua\/wp-content\/uploads\/2026\/01\/565935683_824578646611270_4425269113980126136_n-1-1024x683.jpg\" alt=\"\" class=\"wp-image-4940\" srcset=\"https:\/\/isc.lviv.ua\/wp-content\/uploads\/2026\/01\/565935683_824578646611270_4425269113980126136_n-1-1024x683.jpg 1024w, https:\/\/isc.lviv.ua\/wp-content\/uploads\/2026\/01\/565935683_824578646611270_4425269113980126136_n-1-300x200.jpg 300w, https:\/\/isc.lviv.ua\/wp-content\/uploads\/2026\/01\/565935683_824578646611270_4425269113980126136_n-1-768x512.jpg 768w, https:\/\/isc.lviv.ua\/wp-content\/uploads\/2026\/01\/565935683_824578646611270_4425269113980126136_n-1-750x500.jpg 750w, https:\/\/isc.lviv.ua\/wp-content\/uploads\/2026\/01\/565935683_824578646611270_4425269113980126136_n-1.jpg 1280w\" sizes=\"auto, (max-width: 1024px) 100vw, 1024px\" \/><\/figure>\n\n\n\n<p><em>By Anastasiia Smolienko.<\/em><\/p>\n\n\n\n<p>The following people took part in the pitching: Halyna Hryhorenko, Andriy Sadovyi, Volodymyr Sheiko, Yuliia Khomchyn, Yaryna Melnyk, Bohdan Shumylovych, Hryhorii Semenchuk, Volodymyr Behlov, Nataliia Shakhovska, Alevtina Kakhidze, Lida Savchenko-Duda.<\/p>\n\n\n\n<p>The application was made possible thanks to the support of the Ministry of Culture of Ukraine, the Ministry of Foreign Affairs of Ukraine, the Ukrainian Institute, the Ukrainian Cultural Foundation, the Lviv Regional Military (State) Administration, the Lviv City Council, and the International Renaissance Foundation.<\/p>\n\n\n\n<p>Here you can find <a href=\"https:\/\/drive.google.com\/file\/d\/1kdVqFYdLfyc38G78izQRSc050-7CnGNP\/view?fbclid=IwY2xjawO_MRlleHRuA2FlbQIxMABicmlkETFvYXVLSERmcmVWelVGZ082c3J0YwZhcHBfaWQQMjIyMDM5MTc4ODIwMDg5MgABHpQpUrp_yWgWlSkyk-ZncvXrpFnS_Z0EYnYc13FaHxselxmrRAS0aut0j8Y7_aem_mJoWoXt7ZpYZYHTnYG0NhQ\">Lviv&#8217;s application and a list of its co-creators<\/a>, and here you can find <a href=\"https:\/\/www.lviv2030.eu\/\">more information about Lviv&#8217;s participation in the ECoC competition<\/a>. Follow these links to read the team&#8217;s <a href=\"https:\/\/isc.lviv.ua\/refleksiyi-pislya-rezultativ-konkursu-yevropejska-stolyczya-kultury-2030-yak-lviv-osmyslyuye-czej-dosvid-i-jde-dali\/\">reflections on the competition results<\/a> and <a href=\"https:\/\/culture.ec.europa.eu\/sites\/default\/files\/2025-12\/ecoc-2030-noneu-country-selection-report.pdf\">the report of the ECoC 2030 competition commission<\/a>.<\/p>\n\n\n\n<p><strong>Olena Turyanska nominated for the 2026 Shevchenko Prize<\/strong><\/p>\n\n\n\n<p>The CSI has nominated Olena Turyanska for the 2026 Taras Shevchenko National Prize of Ukraine with her project \u201cAgape. Absolute Love.\u201d The nomination is in the \u201cVisual Arts\u201d category. The artist is on the list of nominees admitted to the second round based on the results of the first stage, which took place on December 16.<\/p>\n\n\n\n<p>Olena Turyanska&#8217;s solo exhibition \u201cAgape. Absolute Love\u201d took place from October 24, 2024, to February 2, 2025, at the Mystetskyi Arsenal. Curators: Oksana Barshynova, Olha Zhuk.<\/p>\n\n\n\n<p>The names of the award winners are traditionally announced on March 9, Taras Shevchenko&#8217;s birthday.<\/p>\n\n\n\n<p><strong>Culture Congress \u201cCONNECTION_BREAKUP\u201c<\/strong><\/p>\n\n\n\n<p>On December 12\u201314, more than 200 representatives from various cities in Ukraine, including Kyiv, Odesa, Kharkiv, Kherson, Rivne, Uzhhorod, and Vynogradiv, gathered at the IV <a href=\"https:\/\/culturecongress.org.ua\/congress-2025\/en\/about\/\">Culture Congress<\/a> in Lviv.<\/p>\n\n\n\n<p>Its theme, &#8220;CONNECTION_BREAKUP,&#8221; was an attempt to explore which connections strengthen our society and which, when broken, free up space for new ones, how to build new connections today, and what is the role of culture in this. The program included discussion, practical, and artistic components.<\/p>\n\n\n\n<figure class=\"wp-block-embed is-type-video is-provider-youtube wp-block-embed-youtube wp-embed-aspect-16-9 wp-has-aspect-ratio\"><div class=\"wp-block-embed__wrapper\">\n<iframe loading=\"lazy\" title=\"IV \u041a\u043e\u043d\u0433\u0440\u0435\u0441 \u041a\u0443\u043b\u044c\u0442\u0443\u0440\u0438 \u0417\u0412&#039;\u042f\u0417\u041e\u041a_\u0420\u041e\u0417\u0420\u0418\u0412 \u0443 \u041b\u044c\u0432\u043e\u0432\u0456\" width=\"640\" height=\"360\" src=\"https:\/\/www.youtube.com\/embed\/ddCK3NFdd_A?feature=oembed\" frameborder=\"0\" allow=\"accelerometer; autoplay; clipboard-write; encrypted-media; gyroscope; picture-in-picture; web-share\" referrerpolicy=\"strict-origin-when-cross-origin\" allowfullscreen><\/iframe>\n<\/div><\/figure>\n\n\n\n<p>The first day of the Congress began with an inspirational conversation, where Iryna Podolyak, Yurko Prokhasko, and Tetiana Pylypchuk reflected on the theme of connections and breaks, while Vlodko Kaufman transferred this theme into a performative dimension. After the official opening, there were moderated discussions on \u201cCulture in a world without rules,\u201d \u201cEx nihilo? A conversation with female military personnel,\u201d and \u201cBetween us there is a connection_breakup. A new institutional order of culture.&#8221; The second day was dedicated to memory, loss, the city, media, shared pain, diaspora \u2014 and how connections and breaks work in these contexts. On December 14, the CSI team summed up its 2025 with a discussion entitled \u201cBetween universities and culture \u2014 today and tomorrow,\u201d attended by rectors and representatives of state and independent universities in Lviv. <a href=\"https:\/\/www.youtube.com\/@lvivculturecongress\">Video recordings<\/a> of the discussions are available here.<\/p>\n\n\n\n<p>The professional component of the Congress ran in parallel. On the first day, there was a showcase entitled \u201cArt as a Container of Experiences\u201d: Yurko Vovkohon, Mariana Sadovska, Josephine Burton (online), Veronika Skliarova, and Anastasiia Kosodiy as a moderator, presented projects that work with traumatic experiences, transforming art into a space for recording, experiencing, and talking about pain together. The second day was devoted to practical issues related to education, institutional changes, and state cultural policy. They discussed institutional reform of cultural institutions, the resumption of competitions in cultural institutions, the government&#8217;s \u201c1000 Hours of Ukrainian Content\u201d program, the Ukrainian Cultural Heritage Fund, and more. <a href=\"https:\/\/www.youtube.com\/@coalitionforculture\">Recordings of the events<\/a> are available on YouTube.<\/p>\n\n\n\n<figure class=\"wp-block-image size-large\"><img loading=\"lazy\" decoding=\"async\" width=\"1024\" height=\"683\" src=\"https:\/\/isc.lviv.ua\/wp-content\/uploads\/2026\/01\/612037371_34339258582340364_5385496007178190509_n-1024x683.jpg\" alt=\"\" class=\"wp-image-4897\" srcset=\"https:\/\/isc.lviv.ua\/wp-content\/uploads\/2026\/01\/612037371_34339258582340364_5385496007178190509_n-1024x683.jpg 1024w, https:\/\/isc.lviv.ua\/wp-content\/uploads\/2026\/01\/612037371_34339258582340364_5385496007178190509_n-300x200.jpg 300w, https:\/\/isc.lviv.ua\/wp-content\/uploads\/2026\/01\/612037371_34339258582340364_5385496007178190509_n-768x512.jpg 768w, https:\/\/isc.lviv.ua\/wp-content\/uploads\/2026\/01\/612037371_34339258582340364_5385496007178190509_n-1536x1025.jpg 1536w, https:\/\/isc.lviv.ua\/wp-content\/uploads\/2026\/01\/612037371_34339258582340364_5385496007178190509_n-750x500.jpg 750w, https:\/\/isc.lviv.ua\/wp-content\/uploads\/2026\/01\/612037371_34339258582340364_5385496007178190509_n.jpg 2048w\" sizes=\"auto, (max-width: 1024px) 100vw, 1024px\" \/><\/figure>\n\n\n\n<p><\/p>\n\n\n\n<figure class=\"wp-block-image size-large\"><img loading=\"lazy\" decoding=\"async\" width=\"1024\" height=\"683\" src=\"https:\/\/isc.lviv.ua\/wp-content\/uploads\/2026\/01\/598623752_1269272218570060_5188284027495646232_n-2-1024x683.jpg\" alt=\"\" class=\"wp-image-4941\" srcset=\"https:\/\/isc.lviv.ua\/wp-content\/uploads\/2026\/01\/598623752_1269272218570060_5188284027495646232_n-2-1024x683.jpg 1024w, https:\/\/isc.lviv.ua\/wp-content\/uploads\/2026\/01\/598623752_1269272218570060_5188284027495646232_n-2-300x200.jpg 300w, https:\/\/isc.lviv.ua\/wp-content\/uploads\/2026\/01\/598623752_1269272218570060_5188284027495646232_n-2-768x512.jpg 768w, https:\/\/isc.lviv.ua\/wp-content\/uploads\/2026\/01\/598623752_1269272218570060_5188284027495646232_n-2-1536x1025.jpg 1536w, https:\/\/isc.lviv.ua\/wp-content\/uploads\/2026\/01\/598623752_1269272218570060_5188284027495646232_n-2-750x500.jpg 750w, https:\/\/isc.lviv.ua\/wp-content\/uploads\/2026\/01\/598623752_1269272218570060_5188284027495646232_n-2.jpg 2048w\" sizes=\"auto, (max-width: 1024px) 100vw, 1024px\" \/><\/figure>\n\n\n\n<p><\/p>\n\n\n\n<figure class=\"wp-block-image size-large\"><img loading=\"lazy\" decoding=\"async\" width=\"1024\" height=\"683\" src=\"https:\/\/isc.lviv.ua\/wp-content\/uploads\/2026\/01\/599936805_1269272645236684_168326707936972466_n-1-1024x683.jpg\" alt=\"\" class=\"wp-image-4942\" srcset=\"https:\/\/isc.lviv.ua\/wp-content\/uploads\/2026\/01\/599936805_1269272645236684_168326707936972466_n-1-1024x683.jpg 1024w, https:\/\/isc.lviv.ua\/wp-content\/uploads\/2026\/01\/599936805_1269272645236684_168326707936972466_n-1-300x200.jpg 300w, https:\/\/isc.lviv.ua\/wp-content\/uploads\/2026\/01\/599936805_1269272645236684_168326707936972466_n-1-768x512.jpg 768w, https:\/\/isc.lviv.ua\/wp-content\/uploads\/2026\/01\/599936805_1269272645236684_168326707936972466_n-1-1536x1025.jpg 1536w, https:\/\/isc.lviv.ua\/wp-content\/uploads\/2026\/01\/599936805_1269272645236684_168326707936972466_n-1-750x500.jpg 750w, https:\/\/isc.lviv.ua\/wp-content\/uploads\/2026\/01\/599936805_1269272645236684_168326707936972466_n-1.jpg 2048w\" sizes=\"auto, (max-width: 1024px) 100vw, 1024px\" \/><\/figure>\n\n\n\n<p><em>By Vitaliy Hrabar.<\/em><\/p>\n\n\n\n<p>The Lviv-Kharkiv dimension had an important symbolic significance at the Congress as a manifestation of solidarity, regional cooperation, and shared responsibility.<\/p>\n\n\n\n<p>The artistic backdrop was provided by Kharkiv artist Kostyantyn Zorkin&#8217;s project \u201cIn the Name of the City in Another City.\u201d Actually, the speakers at the Congress held dialogues within the art space. And on the final day, there was a special tour of the project performed by the author:<\/p>\n\n\n\n<figure class=\"wp-block-embed is-type-video is-provider-youtube wp-block-embed-youtube wp-embed-aspect-16-9 wp-has-aspect-ratio\"><div class=\"wp-block-embed__wrapper\">\n<iframe loading=\"lazy\" title=\"\u041a\u043e\u0441\u0442\u044f\u043d\u0442\u0438\u043d \u0417\u041e\u0420\u041a\u0406\u041d: \u0406\u041c\u0415\u041d\u0415\u041c \u041c\u0406\u0421\u0422\u0410 \u0412 \u0406\u041d\u0428\u041e\u041c\u0423 \u041c\u0406\u0421\u0422\u0406. \u041a\u0443\u0440\u0430\u0442\u043e\u0440\u0441\u044c\u043a\u0430 \u0435\u043a\u0441\u043a\u0443\u0440\u0441\u0456\u044f\" width=\"640\" height=\"360\" src=\"https:\/\/www.youtube.com\/embed\/s79StFDTzvs?feature=oembed\" frameborder=\"0\" allow=\"accelerometer; autoplay; clipboard-write; encrypted-media; gyroscope; picture-in-picture; web-share\" referrerpolicy=\"strict-origin-when-cross-origin\" allowfullscreen><\/iframe>\n<\/div><\/figure>\n\n\n\n<p>The vision group that worked on the theme and focus of the Culture 2025 Congress from January to April: Oksana Forostyna, Zoriana Rybchynska, Daryna Skrynnyk-Myska, Ostap Slyvynsky, Hryhorii Semenchuk, Vlodko Kaufman, Yurko Prokhasko, Iryna Podolyak, Iryna Starovoyt, Volodymyr Behlov, Khrystyna Boiko, Yurko Vovkohon, Veronika Skliarova, Lida Savchenko-Duda, Yuliia Khomchyn.<\/p>\n\n\n\n<p>Curatorial group of the Culture Congress: Anastasiia Kosodiy, Veronika Skliarova, Iryna Podolyak, Tetiana Pylypchuk, Viktor Dvornikov, Kostyantyn Zorkin, Volodymyr Kaufman, Oleksiy Khoroshko.<\/p>\n\n\n\n<figure class=\"wp-block-image size-large\"><img loading=\"lazy\" decoding=\"async\" width=\"1024\" height=\"527\" src=\"https:\/\/isc.lviv.ua\/wp-content\/uploads\/2026\/01\/598566376_1266815002149115_4184539243202442666_n-1-1024x527.jpg\" alt=\"\" class=\"wp-image-4944\" srcset=\"https:\/\/isc.lviv.ua\/wp-content\/uploads\/2026\/01\/598566376_1266815002149115_4184539243202442666_n-1-1024x527.jpg 1024w, https:\/\/isc.lviv.ua\/wp-content\/uploads\/2026\/01\/598566376_1266815002149115_4184539243202442666_n-1-300x154.jpg 300w, https:\/\/isc.lviv.ua\/wp-content\/uploads\/2026\/01\/598566376_1266815002149115_4184539243202442666_n-1-768x395.jpg 768w, https:\/\/isc.lviv.ua\/wp-content\/uploads\/2026\/01\/598566376_1266815002149115_4184539243202442666_n-1-1536x791.jpg 1536w, https:\/\/isc.lviv.ua\/wp-content\/uploads\/2026\/01\/598566376_1266815002149115_4184539243202442666_n-1.jpg 2048w\" sizes=\"auto, (max-width: 1024px) 100vw, 1024px\" \/><\/figure>\n\n\n\n<p><em><em>By Vitaliy Hrabar<\/em>.<\/em><\/p>\n\n\n\n<p>The Culture Congress in Lviv is a permanent platform for analyzing current cultural processes and a meeting place for those who create culture.<\/p>\n\n\n\n<p><em>The Congress was organized by CSI and the NGO \u201cVirmenska 35&#8243; with the support of the Lviv City Council, the 3MIN Foundation, the Renaissance International Foundation, and Ukrposhta. Institutional partners: Literature Museum, Coalition of Cultural Activists, Radio Khartia.<\/em><\/p>\n\n\n\n<p><strong>Jazz Bez: 25 years of continuous sound<\/strong><\/p>\n\n\n\n<p>This year, <a href=\"https:\/\/www.facebook.com\/jazzbez\">Jazz Bez<\/a> celebrated its 25th anniversary! Since 2001, the international cross-border festival of contemporary improvisational music has never been interrupted: neither during the Orange Revolution, nor the Revolution of Dignity, nor during the COVID-19 pandemic, and neither during Russia&#8217;s full-scale war against Ukraine.<\/p>\n\n\n\n<p>The 25th anniversary Jazz Bez invited Lviv residents to performances by musicians from Ukraine, the United Kingdom, Germany, Poland, and Cuba on December 12-14.<\/p>\n\n\n\n<figure class=\"wp-block-image size-large\"><img loading=\"lazy\" decoding=\"async\" width=\"1024\" height=\"683\" src=\"https:\/\/isc.lviv.ua\/wp-content\/uploads\/2026\/01\/607683175_1624905458899198_173413969976890603_n-1-1024x683.jpg\" alt=\"\" class=\"wp-image-4946\" srcset=\"https:\/\/isc.lviv.ua\/wp-content\/uploads\/2026\/01\/607683175_1624905458899198_173413969976890603_n-1-1024x683.jpg 1024w, https:\/\/isc.lviv.ua\/wp-content\/uploads\/2026\/01\/607683175_1624905458899198_173413969976890603_n-1-300x200.jpg 300w, https:\/\/isc.lviv.ua\/wp-content\/uploads\/2026\/01\/607683175_1624905458899198_173413969976890603_n-1-768x512.jpg 768w, https:\/\/isc.lviv.ua\/wp-content\/uploads\/2026\/01\/607683175_1624905458899198_173413969976890603_n-1-1536x1024.jpg 1536w, https:\/\/isc.lviv.ua\/wp-content\/uploads\/2026\/01\/607683175_1624905458899198_173413969976890603_n-1-750x500.jpg 750w, https:\/\/isc.lviv.ua\/wp-content\/uploads\/2026\/01\/607683175_1624905458899198_173413969976890603_n-1.jpg 2048w\" sizes=\"auto, (max-width: 1024px) 100vw, 1024px\" \/><\/figure>\n\n\n\n<p><em>By Iryna Sereda.<\/em><\/p>\n\n\n\n<p>On December 13, at the M. Skoryk National Philharmonic, Lviv residents had the opportunity to hear Mariana Sadovska and the VESNA project. Mariana, together with Christian Thome (drums and electronics) and Matthias Kurth (guitar), performed a new program \u2014 \u201cYou should live!\u201d. The compositions were based on texts by Ukrainian poets.<\/p>\n\n\n\n<p>That same evening, we listened to World Pulse by Roland Abreu (double bass), Luis Nubiola (saxophone), and Widnokres (Maciej Nestor, keyboards, production). It was a meeting of Polish sensuality and Cuban temperament, where music becomes a language of unity between cultures, energies, and rhythms. You can watch and listen to a recording of the concert here:<\/p>\n\n\n\n<figure class=\"wp-block-embed is-type-video is-provider-youtube wp-block-embed-youtube wp-embed-aspect-16-9 wp-has-aspect-ratio\"><div class=\"wp-block-embed__wrapper\">\n<iframe loading=\"lazy\" title=\"\u0425\u0425V Jazz Bez \u0443 \u041b\u044c\u0432\u043e\u0432\u0456: \u00ab\u0416\u0438\u0432\u0438!\u00bb \u0432\u0456\u0434 \u041c\u0430\u0440\u02bc\u044f\u043d\u0438 \u0421\u0430\u0434\u043e\u0432\u0441\u044c\u043a\u043e\u0457 \u0442\u0430 VESNA \u0456 \u043f\u043e\u043b\u044c\u0441\u044c\u043a\u043e-\u043a\u0443\u0431\u0438\u043d\u0441\u044c\u043a\u0438\u0439 World Pulse\" width=\"640\" height=\"360\" src=\"https:\/\/www.youtube.com\/embed\/HqF5D_4Hwk0?feature=oembed\" frameborder=\"0\" allow=\"accelerometer; autoplay; clipboard-write; encrypted-media; gyroscope; picture-in-picture; web-share\" referrerpolicy=\"strict-origin-when-cross-origin\" allowfullscreen><\/iframe>\n<\/div><\/figure>\n\n\n\n<p>Jazz harp star Alina Brzezinska, winner of the 2024 UK Parliamentary Award and a native of Lviv, performed on the Jazz Bez stage for the first time. Together with Joel Prime (drums) and Igor Zakus (bass guitar), the musician presented a special program, \u201cIn the Footsteps of the Great Masters,\u201d at the ZAG Gallery.<\/p>\n\n\n\n<p>On December 14, the Polish band Ninja Episkopat offered an immersion into a mix of rock, electronic music, and improvisation. Patrycja Wybra\u0144czyk (drums), Krzysztof Hadrych (guitar), and Alex Clov (saxophone, electronics) performed at Dzyga, the place where Jazz Bez began as a Ukrainian-Polish project in 2001.<\/p>\n\n\n\n<figure class=\"wp-block-image size-large\"><img loading=\"lazy\" decoding=\"async\" width=\"1024\" height=\"683\" src=\"https:\/\/isc.lviv.ua\/wp-content\/uploads\/2026\/01\/607661131_1624232632299814_913531730047428192_n-1024x683.jpg\" alt=\"\" class=\"wp-image-4899\" srcset=\"https:\/\/isc.lviv.ua\/wp-content\/uploads\/2026\/01\/607661131_1624232632299814_913531730047428192_n-1024x683.jpg 1024w, https:\/\/isc.lviv.ua\/wp-content\/uploads\/2026\/01\/607661131_1624232632299814_913531730047428192_n-300x200.jpg 300w, https:\/\/isc.lviv.ua\/wp-content\/uploads\/2026\/01\/607661131_1624232632299814_913531730047428192_n-768x512.jpg 768w, https:\/\/isc.lviv.ua\/wp-content\/uploads\/2026\/01\/607661131_1624232632299814_913531730047428192_n-1536x1024.jpg 1536w, https:\/\/isc.lviv.ua\/wp-content\/uploads\/2026\/01\/607661131_1624232632299814_913531730047428192_n-750x500.jpg 750w, https:\/\/isc.lviv.ua\/wp-content\/uploads\/2026\/01\/607661131_1624232632299814_913531730047428192_n.jpg 2048w\" sizes=\"auto, (max-width: 1024px) 100vw, 1024px\" \/><\/figure>\n\n\n\n<p><em>By Iryna Sereda.<\/em><\/p>\n\n\n\n<figure class=\"wp-block-image size-large\"><img loading=\"lazy\" decoding=\"async\" width=\"1024\" height=\"683\" src=\"https:\/\/isc.lviv.ua\/wp-content\/uploads\/2026\/01\/602343520_1615907759798968_8265175284272991083_n-1-1024x683.jpg\" alt=\"\" class=\"wp-image-4947\" srcset=\"https:\/\/isc.lviv.ua\/wp-content\/uploads\/2026\/01\/602343520_1615907759798968_8265175284272991083_n-1-1024x683.jpg 1024w, https:\/\/isc.lviv.ua\/wp-content\/uploads\/2026\/01\/602343520_1615907759798968_8265175284272991083_n-1-300x200.jpg 300w, https:\/\/isc.lviv.ua\/wp-content\/uploads\/2026\/01\/602343520_1615907759798968_8265175284272991083_n-1-768x512.jpg 768w, https:\/\/isc.lviv.ua\/wp-content\/uploads\/2026\/01\/602343520_1615907759798968_8265175284272991083_n-1-1536x1024.jpg 1536w, https:\/\/isc.lviv.ua\/wp-content\/uploads\/2026\/01\/602343520_1615907759798968_8265175284272991083_n-1-750x500.jpg 750w, https:\/\/isc.lviv.ua\/wp-content\/uploads\/2026\/01\/602343520_1615907759798968_8265175284272991083_n-1.jpg 2048w\" sizes=\"auto, (max-width: 1024px) 100vw, 1024px\" \/><\/figure>\n\n\n\n<p><em>By Polina Pavlova.<\/em><\/p>\n\n\n\n<p>Traditionally, Jazz Bez Junior was held as part of the festival \u2014 a master class by Alina Brzezinska and Joel Prime for the students of the M. Lysenko Lviv National Music Academy. And once again \u2014 this time at the Homin Center \u2014 the musical and educational interactive Jazz Bez Kids was organized, together with teachers from the Tempo Music Development Center.<\/p>\n\n\n\n<p>During the festival, a fundraising was performed to support our defenders.<\/p>\n\n\n\n<p>The art director and host of the festival in Lviv was Marta Bilska. The geography of the 25th Jazz Bez: in Ukraine \u2014 Lviv, Drohobych, Lutsk, Rivne, Ternopil; in Poland \u2014 Przemy\u015bl, Nowica.<\/p>\n\n\n\n<p><em>The 25th Jazz Bez in Lviv was organized by CSI and the NGO \u201cVirmenska 35&#8243; with the support of the Lviv City Council, the Consulate General of the Republic of Poland in Lviv, and the Polish Institute in Kyiv. The exclusive partner was KredoBank.&nbsp;<\/em><\/p>\n\n\n\n<p><strong>Participation in Professional Meetings and Networking<\/strong><\/p>\n\n\n\n<p><strong>Winter<\/strong><\/p>\n\n\n\n<p><strong>Workshop \u201cKey Skills for Strategic Partnership with European Cultural Institutions\u201d<\/strong> (January 16-17 \/ Lviv). What makes an institution a cultural center, what cultural centers live on, what are their roles and functions in modern Ukraine during the war \u2014 CSI director <strong>Yuliia Khomchyn <\/strong>outlined her vision.<strong>&nbsp;<\/strong><\/p>\n\n\n\n<figure class=\"wp-block-image size-large\"><img loading=\"lazy\" decoding=\"async\" width=\"1024\" height=\"683\" src=\"https:\/\/isc.lviv.ua\/wp-content\/uploads\/2026\/01\/yemecz-lviv-\u2014-misto-literatury-yunesko-1-1024x683.jpg\" alt=\"\" class=\"wp-image-4948\" srcset=\"https:\/\/isc.lviv.ua\/wp-content\/uploads\/2026\/01\/yemecz-lviv-\u2014-misto-literatury-yunesko-1-1024x683.jpg 1024w, https:\/\/isc.lviv.ua\/wp-content\/uploads\/2026\/01\/yemecz-lviv-\u2014-misto-literatury-yunesko-1-300x200.jpg 300w, https:\/\/isc.lviv.ua\/wp-content\/uploads\/2026\/01\/yemecz-lviv-\u2014-misto-literatury-yunesko-1-768x512.jpg 768w, https:\/\/isc.lviv.ua\/wp-content\/uploads\/2026\/01\/yemecz-lviv-\u2014-misto-literatury-yunesko-1-1536x1024.jpg 1536w, https:\/\/isc.lviv.ua\/wp-content\/uploads\/2026\/01\/yemecz-lviv-\u2014-misto-literatury-yunesko-1-750x500.jpg 750w, https:\/\/isc.lviv.ua\/wp-content\/uploads\/2026\/01\/yemecz-lviv-\u2014-misto-literatury-yunesko-1.jpg 2048w\" sizes=\"auto, (max-width: 1024px) 100vw, 1024px\" \/><\/figure>\n\n\n\n<p><em>By Bohdan Yemets.<\/em><\/p>\n\n\n\n<p><strong>International meeting of cultural managers on the occasion of the 10th anniversary of the UNESCO City<\/strong> of Literature title from Lviv City of Literature (February 2 \/ Lviv). <strong>Yuliia Khomchyn<\/strong>, head of the CSI, also joined the conversation \u201cHow Does Cooperation Help in Times of War?\u201d<\/p>\n\n\n\n<p><strong>Spring<\/strong><\/p>\n\n\n\n<p><strong>Living Library with veterans of the Russian-Ukrainian war<\/strong> \u2014 on the search for algorithms for communication with military personnel and veterans (March 1 \/ Lviv). CSI communication manager <strong>Iryna Shutka<\/strong> took part in the Living Library.<\/p>\n\n\n\n<p><strong>Visit of colleagues from the Danish Cultural Institute, Ukrainian-Danish Youth House (Denmark), and the Consulate General of Poland to the CSI<\/strong> (March 14 \/ Lviv). We were visited by Ida Fuglsang-Damgaard, Julie Arnfred Bojesen, Oleksandra Bulenok, and Bogumi\u0142a Rybak-Zi\u00f3\u0142kowska. We discussed the development of a new Strategy for the Development of Culture in Lviv, the city&#8217;s application for the title of ECoC 2030, and preparations for the IV Congress of Culture. The meeting took place as part of a visit to Lviv by representatives of the EU National Institutes for Culture network, organised by UNESCO and the Lviv Cultural Hub.<\/p>\n\n\n\n<figure class=\"wp-block-image size-large\"><img loading=\"lazy\" decoding=\"async\" width=\"1024\" height=\"685\" src=\"https:\/\/isc.lviv.ua\/wp-content\/uploads\/2026\/01\/492039998_683553070713829_2137830877719610767_n-1-1024x685.jpg\" alt=\"\" class=\"wp-image-4950\" srcset=\"https:\/\/isc.lviv.ua\/wp-content\/uploads\/2026\/01\/492039998_683553070713829_2137830877719610767_n-1-1024x685.jpg 1024w, https:\/\/isc.lviv.ua\/wp-content\/uploads\/2026\/01\/492039998_683553070713829_2137830877719610767_n-1-300x201.jpg 300w, https:\/\/isc.lviv.ua\/wp-content\/uploads\/2026\/01\/492039998_683553070713829_2137830877719610767_n-1-768x514.jpg 768w, https:\/\/isc.lviv.ua\/wp-content\/uploads\/2026\/01\/492039998_683553070713829_2137830877719610767_n-1-1536x1028.jpg 1536w, https:\/\/isc.lviv.ua\/wp-content\/uploads\/2026\/01\/492039998_683553070713829_2137830877719610767_n-1.jpg 2048w\" sizes=\"auto, (max-width: 1024px) 100vw, 1024px\" \/><\/figure>\n\n\n\n<p><\/p>\n\n\n\n<figure class=\"wp-block-image size-large\"><img loading=\"lazy\" decoding=\"async\" width=\"1024\" height=\"683\" src=\"https:\/\/isc.lviv.ua\/wp-content\/uploads\/2026\/01\/chemnitz-2025-1-1-1024x683.jpg\" alt=\"\" class=\"wp-image-4949\" srcset=\"https:\/\/isc.lviv.ua\/wp-content\/uploads\/2026\/01\/chemnitz-2025-1-1-1024x683.jpg 1024w, https:\/\/isc.lviv.ua\/wp-content\/uploads\/2026\/01\/chemnitz-2025-1-1-300x200.jpg 300w, https:\/\/isc.lviv.ua\/wp-content\/uploads\/2026\/01\/chemnitz-2025-1-1-768x512.jpg 768w, https:\/\/isc.lviv.ua\/wp-content\/uploads\/2026\/01\/chemnitz-2025-1-1-750x500.jpg 750w, https:\/\/isc.lviv.ua\/wp-content\/uploads\/2026\/01\/chemnitz-2025-1-1.jpg 1440w\" sizes=\"auto, (max-width: 1024px) 100vw, 1024px\" \/><\/figure>\n\n\n\n<p><em>Image source: Chemnitz 2025 facebook page.<\/em><\/p>\n\n\n\n<p><strong>Conference \u201c40 Years of European Capitals of Culture\u201d and meeting of candidate cities for 2030 <\/strong>(April 3-4 \/ Chemnitz, Germany). Lviv as a candidate city for the title of ECoC 2030 was represented by <strong>Yaryna Melnyk<\/strong>, manager of Lviv&#8217;s application for ECoC 2030, <strong>Yuliia Khomchyn<\/strong>, leader of the application and head of the CSI, and<strong> Olha Kotska<\/strong>, coordinator of international cooperation within the framework of Lviv&#8217;s application process.<\/p>\n\n\n\n<p><strong>International workshop \u201cSpring Atelier\u201d<\/strong> for cities with the title of ECoC and those applying for it (April 24-25 \/ Molenbeek, Belgium). Lviv&#8217;s experience in the field of cultural development in wartime, the development and value of Lviv&#8217;s \u201cResponsibility to Be\u201d concept in the ECoC 2030 competition was outlined by CSI director <strong>Yuliia Khomchyn<\/strong>.<\/p>\n\n\n\n<p><strong>Program for representatives of Lviv&#8217;s educational sector<\/strong> (May 15-16 \/ Yablunytsia). <strong>Yuliia Khomchyn<\/strong>, director of the CSI, and <strong>Lida Savchenko-Duda<\/strong>, deputy directof of the Institute, took part in a session devoted to the connection between culture and education in the context of Lviv&#8217;s application for the title of ECoC. The concept of Lviv in the ECoC 2030 competition was presented to the city&#8217;s school principals, and then the meeting participants developed ideas for the city&#8217;s application.&nbsp;<\/p>\n\n\n\n<figure class=\"wp-block-image size-large\"><img loading=\"lazy\" decoding=\"async\" width=\"1024\" height=\"618\" src=\"https:\/\/isc.lviv.ua\/wp-content\/uploads\/2026\/01\/499253957_707326075003195_4881181847717140870_n-1-1024x618.jpg\" alt=\"\" class=\"wp-image-4954\" srcset=\"https:\/\/isc.lviv.ua\/wp-content\/uploads\/2026\/01\/499253957_707326075003195_4881181847717140870_n-1-1024x618.jpg 1024w, https:\/\/isc.lviv.ua\/wp-content\/uploads\/2026\/01\/499253957_707326075003195_4881181847717140870_n-1-300x181.jpg 300w, https:\/\/isc.lviv.ua\/wp-content\/uploads\/2026\/01\/499253957_707326075003195_4881181847717140870_n-1-768x463.jpg 768w, https:\/\/isc.lviv.ua\/wp-content\/uploads\/2026\/01\/499253957_707326075003195_4881181847717140870_n-1.jpg 1399w\" sizes=\"auto, (max-width: 1024px) 100vw, 1024px\" \/><\/figure>\n\n\n\n<p><\/p>\n\n\n\n<figure class=\"wp-block-image size-large\"><img loading=\"lazy\" decoding=\"async\" width=\"1024\" height=\"683\" src=\"https:\/\/isc.lviv.ua\/wp-content\/uploads\/2026\/01\/kultura-otvorena-_-simon-luptak-1-1-1024x683.jpg\" alt=\"\" class=\"wp-image-4951\" srcset=\"https:\/\/isc.lviv.ua\/wp-content\/uploads\/2026\/01\/kultura-otvorena-_-simon-luptak-1-1-1024x683.jpg 1024w, https:\/\/isc.lviv.ua\/wp-content\/uploads\/2026\/01\/kultura-otvorena-_-simon-luptak-1-1-300x200.jpg 300w, https:\/\/isc.lviv.ua\/wp-content\/uploads\/2026\/01\/kultura-otvorena-_-simon-luptak-1-1-768x512.jpg 768w, https:\/\/isc.lviv.ua\/wp-content\/uploads\/2026\/01\/kultura-otvorena-_-simon-luptak-1-1-1536x1024.jpg 1536w, https:\/\/isc.lviv.ua\/wp-content\/uploads\/2026\/01\/kultura-otvorena-_-simon-luptak-1-1-750x500.jpg 750w, https:\/\/isc.lviv.ua\/wp-content\/uploads\/2026\/01\/kultura-otvorena-_-simon-luptak-1-1.jpg 2048w\" sizes=\"auto, (max-width: 1024px) 100vw, 1024px\" \/><\/figure>\n\n\n\n<p><em>By \u0160imon Lupt\u00e1k.<\/em><\/p>\n\n\n\n<p><strong>Open Culture! International conference \/ Otvoren\u00e1 Kult\u00fara<\/strong> (May 29-30 \/ Bratislava, Slovakia). During the panel discussion \u201cFree Cities and Culture,\u201d CSI Director <strong>Yuliia Khomchyn<\/strong> explained how Ukrainian culture has changed in the context of the full-scale war.<\/p>\n\n\n\n<p><strong>Summer<\/strong><\/p>\n\n\n\n<p><strong>Discussion around the Strategy for the Cultural Development in Ukraine in 2025\u20132030<\/strong>, as well as around the project for a comprehensive reform of the network of cultural institutions (June 30 \/ Lviv). The CSI was a partner of this event on behalf of the RES-POL project, and CSI analyst <strong>Vasyl Tkachuk<\/strong> and CSI project manager <strong>Anastasiia Nechyporenko <\/strong>participated in it.<\/p>\n\n\n\n<p><strong>Invest Summit. Jazz Business<\/strong>, a meeting of international investors, Ukrainian government officials, and representatives of large, medium, and small businesses (July 4\u20135 \/ Lviv). CSI Director <strong>Yuliia Khomchyn<\/strong> presented Lviv&#8217;s application for the title of ECoC 2030 to the participants.<\/p>\n\n\n\n<figure class=\"wp-block-image size-large\"><img loading=\"lazy\" decoding=\"async\" width=\"1024\" height=\"683\" src=\"https:\/\/isc.lviv.ua\/wp-content\/uploads\/2026\/01\/invest-biznes-1-1024x683.jpg\" alt=\"\" class=\"wp-image-4955\" srcset=\"https:\/\/isc.lviv.ua\/wp-content\/uploads\/2026\/01\/invest-biznes-1-1024x683.jpg 1024w, https:\/\/isc.lviv.ua\/wp-content\/uploads\/2026\/01\/invest-biznes-1-300x200.jpg 300w, https:\/\/isc.lviv.ua\/wp-content\/uploads\/2026\/01\/invest-biznes-1-768x512.jpg 768w, https:\/\/isc.lviv.ua\/wp-content\/uploads\/2026\/01\/invest-biznes-1-1536x1025.jpg 1536w, https:\/\/isc.lviv.ua\/wp-content\/uploads\/2026\/01\/invest-biznes-1-750x500.jpg 750w, https:\/\/isc.lviv.ua\/wp-content\/uploads\/2026\/01\/invest-biznes-1.jpg 2048w\" sizes=\"auto, (max-width: 1024px) 100vw, 1024px\" \/><\/figure>\n\n\n\n<p><strong>The Conference \u201cAntIDote: Unity\u201d<\/strong> for representatives of culture, the public sector, state institutions, the diaspora, and local initiatives from different parts of Ukraine (June 24-26 \/ Lviv). At a pitching panel dedicated to projects that can unite communities, CSI Director <strong>Yuliia Khomchyn<\/strong> presented Lviv&#8217;s application for the title of ECoC 2030 to the audience.<\/p>\n\n\n\n<p><strong>The 14th Culture Next conference<\/strong>, a network of current and former ECoC candidate cities, with the theme \u201cCultural Participation\u201d (July 8-10 \/ Leeuwarden, Netherlands). Lviv, as a candidate city for the title of ECoC 2030, was presented by <strong>Yuliia Khomchyn<\/strong>, director of the ECoC and leader of the city&#8217;s application process.<\/p>\n\n\n\n<p><strong>Healing Arts Lviv<\/strong> (July 20-27 \/ Lviv). <strong>Yuliia Khomchyn<\/strong>, head of the application process and director of the CSI, spoke at the congress about how Lviv&#8217;s application for ECoC 2030 deals with the theme of healing through culture.<\/p>\n\n\n\n<p><strong>A conversation with representatives of NGOs <\/strong>at the Lviv Bureau for European Integration about the titles of ECoC and European Youth Capital (August 8 \/ Lviv). <strong>Yuliia Khomchyn<\/strong>, director of the CSI, joined the conversation.<\/p>\n\n\n\n<p><strong>Meeting dedicated to Lviv&#8217;s application for the ECoC 2030 competition<\/strong> (August 9 \/ Lviv). The city&#8217;s program for the ECoC title was presented to young people and representatives of the cultural sphere by members of the Lviv team \u2014 <strong>Yuliia Khomchyn, Bohdan Shumylovych, and Hryhorii Semenchuk<\/strong>.<\/p>\n\n\n\n<figure class=\"wp-block-image size-large\"><img loading=\"lazy\" decoding=\"async\" width=\"1024\" height=\"683\" src=\"https:\/\/isc.lviv.ua\/wp-content\/uploads\/2026\/01\/tetyana-shtyfurko-1-3-1024x683.jpg\" alt=\"\" class=\"wp-image-4956\" srcset=\"https:\/\/isc.lviv.ua\/wp-content\/uploads\/2026\/01\/tetyana-shtyfurko-1-3-1024x683.jpg 1024w, https:\/\/isc.lviv.ua\/wp-content\/uploads\/2026\/01\/tetyana-shtyfurko-1-3-300x200.jpg 300w, https:\/\/isc.lviv.ua\/wp-content\/uploads\/2026\/01\/tetyana-shtyfurko-1-3-768x512.jpg 768w, https:\/\/isc.lviv.ua\/wp-content\/uploads\/2026\/01\/tetyana-shtyfurko-1-3-1536x1024.jpg 1536w, https:\/\/isc.lviv.ua\/wp-content\/uploads\/2026\/01\/tetyana-shtyfurko-1-3-750x500.jpg 750w, https:\/\/isc.lviv.ua\/wp-content\/uploads\/2026\/01\/tetyana-shtyfurko-1-3.jpg 2048w\" sizes=\"auto, (max-width: 1024px) 100vw, 1024px\" \/><\/figure>\n\n\n\n<p><\/p>\n\n\n\n<figure class=\"wp-block-image size-large\"><img loading=\"lazy\" decoding=\"async\" width=\"1024\" height=\"724\" src=\"https:\/\/isc.lviv.ua\/wp-content\/uploads\/2026\/01\/tetyana-shtyfurko-3-1-1024x724.jpg\" alt=\"\" class=\"wp-image-4957\" srcset=\"https:\/\/isc.lviv.ua\/wp-content\/uploads\/2026\/01\/tetyana-shtyfurko-3-1-1024x724.jpg 1024w, https:\/\/isc.lviv.ua\/wp-content\/uploads\/2026\/01\/tetyana-shtyfurko-3-1-300x212.jpg 300w, https:\/\/isc.lviv.ua\/wp-content\/uploads\/2026\/01\/tetyana-shtyfurko-3-1-768x543.jpg 768w, https:\/\/isc.lviv.ua\/wp-content\/uploads\/2026\/01\/tetyana-shtyfurko-3-1-1536x1086.jpg 1536w, https:\/\/isc.lviv.ua\/wp-content\/uploads\/2026\/01\/tetyana-shtyfurko-3-1.jpg 2048w\" sizes=\"auto, (max-width: 1024px) 100vw, 1024px\" \/><\/figure>\n\n\n\n<p><em>By Tetiana Shtyfurko.<\/em><\/p>\n\n\n\n<figure class=\"wp-block-image size-large\"><img loading=\"lazy\" decoding=\"async\" width=\"1024\" height=\"683\" src=\"https:\/\/isc.lviv.ua\/wp-content\/uploads\/2026\/01\/olga-zaliznyak-1-1-1024x683.jpg\" alt=\"\" class=\"wp-image-4958\" srcset=\"https:\/\/isc.lviv.ua\/wp-content\/uploads\/2026\/01\/olga-zaliznyak-1-1-1024x683.jpg 1024w, https:\/\/isc.lviv.ua\/wp-content\/uploads\/2026\/01\/olga-zaliznyak-1-1-300x200.jpg 300w, https:\/\/isc.lviv.ua\/wp-content\/uploads\/2026\/01\/olga-zaliznyak-1-1-768x512.jpg 768w, https:\/\/isc.lviv.ua\/wp-content\/uploads\/2026\/01\/olga-zaliznyak-1-1-750x500.jpg 750w, https:\/\/isc.lviv.ua\/wp-content\/uploads\/2026\/01\/olga-zaliznyak-1-1.jpg 1536w\" sizes=\"auto, (max-width: 1024px) 100vw, 1024px\" \/><\/figure>\n\n\n\n<p><em>By Olha Zalizniak.<\/em><\/p>\n\n\n\n<p><strong>Conversation \u201cCapital of European Culture.\u201d Book exchange \u201cBook Square \u2014 2025\u201d<\/strong> (August 17 \/ Lviv). The topic was discussed by <strong>Bohdan Shumylovych<\/strong>, artistic director of Lviv&#8217;s program for the title of ECoC 2030, and <strong>Halyna Kruk<\/strong>, poet, literary scholar, translator, and member of the focus group developing Lviv\u2019s concept. You can <a href=\"https:\/\/www.youtube.com\/watch?v=ilYhbsv1hdY&#038;t=13274s\">listen to a recording of the conversation here<\/a>.<\/p>\n\n\n\n<p><strong>Meeting with representatives of Lviv&#8217;s municipal cultural institutions<\/strong> to discuss the city&#8217;s final application for the ECoC 2030 competition (August 18 \/ Lviv). The discussion was led by <strong>Yuliia Khomchyn<\/strong>, head of the application process, and <strong>Lida Savchenko-Duda<\/strong>, program manager for the application.<\/p>\n\n\n\n<p><strong>Presentation session for Czech activists<\/strong> who cooperate with Ukraine <strong>on Lviv&#8217;s concept and program for the title of ECoC 2030<\/strong> as part of the Bu\u010f L\u00e1ska festival (August 20-24 \/ Brno, Czech Republic). The event was hosted by CSI manager <strong>Yaryna Korotkevych<\/strong>.<\/p>\n\n\n\n<figure class=\"wp-block-image size-large\"><img loading=\"lazy\" decoding=\"async\" width=\"1024\" height=\"683\" src=\"https:\/\/isc.lviv.ua\/wp-content\/uploads\/2026\/01\/majda-slamova-4-1024x683.jpg\" alt=\"\" class=\"wp-image-4885\" srcset=\"https:\/\/isc.lviv.ua\/wp-content\/uploads\/2026\/01\/majda-slamova-4-1024x683.jpg 1024w, https:\/\/isc.lviv.ua\/wp-content\/uploads\/2026\/01\/majda-slamova-4-300x200.jpg 300w, https:\/\/isc.lviv.ua\/wp-content\/uploads\/2026\/01\/majda-slamova-4-768x512.jpg 768w, https:\/\/isc.lviv.ua\/wp-content\/uploads\/2026\/01\/majda-slamova-4-1536x1025.jpg 1536w, https:\/\/isc.lviv.ua\/wp-content\/uploads\/2026\/01\/majda-slamova-4-750x500.jpg 750w, https:\/\/isc.lviv.ua\/wp-content\/uploads\/2026\/01\/majda-slamova-4.jpg 2048w\" sizes=\"auto, (max-width: 1024px) 100vw, 1024px\" \/><\/figure>\n\n\n\n<p><em>By Majda Slamova.<\/em><\/p>\n\n\n\n<figure class=\"wp-block-image size-large\"><img loading=\"lazy\" decoding=\"async\" width=\"1024\" height=\"558\" src=\"https:\/\/isc.lviv.ua\/wp-content\/uploads\/2026\/01\/539024795_779744997761302_4572592852912995998_n-1024x558.jpg\" alt=\"\" class=\"wp-image-4886\" srcset=\"https:\/\/isc.lviv.ua\/wp-content\/uploads\/2026\/01\/539024795_779744997761302_4572592852912995998_n-1024x558.jpg 1024w, https:\/\/isc.lviv.ua\/wp-content\/uploads\/2026\/01\/539024795_779744997761302_4572592852912995998_n-300x164.jpg 300w, https:\/\/isc.lviv.ua\/wp-content\/uploads\/2026\/01\/539024795_779744997761302_4572592852912995998_n-768x419.jpg 768w, https:\/\/isc.lviv.ua\/wp-content\/uploads\/2026\/01\/539024795_779744997761302_4572592852912995998_n-1536x837.jpg 1536w, https:\/\/isc.lviv.ua\/wp-content\/uploads\/2026\/01\/539024795_779744997761302_4572592852912995998_n.jpg 1600w\" sizes=\"auto, (max-width: 1024px) 100vw, 1024px\" \/><\/figure>\n\n\n\n<p><strong>Celebration of Ukraine&#8217;s Independence Day in Brussels<\/strong> by the Mission of Ukraine to the European Union (August 24 \/ Brussels, Belgium). Ukraine&#8217;s representative to the EU, <strong>Vsevolod Chentsov<\/strong>, shared Lviv&#8217;s idea for the ECoC 2030 competition \u2014 Responsibility to Be \u2014 with a foreign audience.<\/p>\n\n\n\n<p><strong>Autumn<\/strong><\/p>\n\n\n\n<p><em><strong>Molodvizh<\/strong><\/em> within the framework of the title year of <em>Lviv \u2014 the European Youth Capital 2025 <\/em>(September 6 \/ Lviv). <strong>The presentation of Lviv&#8217;s application concept \u201cResponsibility to Be\u201d<\/strong> for the title of European Capital of Culture 2030 took place.<\/p>\n\n\n\n<p><strong>MONDIACULT 2025, UNESCO World Conference on Cultural Policies and Sustainable Development<\/strong> (September 29 \u2014 October 1 \/ Barcelona). <strong>Serhiy Kiral<\/strong>, Deputy Mayor of Lviv for International Cooperation, spoke about Ukrainian culture, Lviv Cultural Development Strategy 2035, and Lviv&#8217;s application for the ECoC 2030 title.<\/p>\n\n\n\n<p><strong>Meeting with Marta Kos, European Commissioner for Enlargement <\/strong>(September 30 \/ Lviv). Culture in the context of Lviv&#8217;s concept \u201cResponsibility to Be\u201d in the ECoC 2030 competition \u2014 <strong>Yuliia Khomchyn<\/strong>, head of the CSI, discussed this topic with the European Commissioner.<\/p>\n\n\n\n<figure class=\"wp-block-image size-large\"><img loading=\"lazy\" decoding=\"async\" width=\"1024\" height=\"682\" src=\"https:\/\/isc.lviv.ua\/wp-content\/uploads\/2026\/01\/kos-_-baluk-1-1024x682.jpg\" alt=\"\" class=\"wp-image-4960\" srcset=\"https:\/\/isc.lviv.ua\/wp-content\/uploads\/2026\/01\/kos-_-baluk-1-1024x682.jpg 1024w, https:\/\/isc.lviv.ua\/wp-content\/uploads\/2026\/01\/kos-_-baluk-1-300x200.jpg 300w, https:\/\/isc.lviv.ua\/wp-content\/uploads\/2026\/01\/kos-_-baluk-1-768x512.jpg 768w, https:\/\/isc.lviv.ua\/wp-content\/uploads\/2026\/01\/kos-_-baluk-1-750x500.jpg 750w, https:\/\/isc.lviv.ua\/wp-content\/uploads\/2026\/01\/kos-_-baluk-1.jpg 1280w\" sizes=\"auto, (max-width: 1024px) 100vw, 1024px\" \/><\/figure>\n\n\n\n<p><\/p>\n\n\n\n<figure class=\"wp-block-image size-large\"><img loading=\"lazy\" decoding=\"async\" width=\"1024\" height=\"683\" src=\"https:\/\/isc.lviv.ua\/wp-content\/uploads\/2026\/01\/forum-vydavcziv-_-roman-baluk-2-1-1024x683.jpg\" alt=\"\" class=\"wp-image-4959\" srcset=\"https:\/\/isc.lviv.ua\/wp-content\/uploads\/2026\/01\/forum-vydavcziv-_-roman-baluk-2-1-1024x683.jpg 1024w, https:\/\/isc.lviv.ua\/wp-content\/uploads\/2026\/01\/forum-vydavcziv-_-roman-baluk-2-1-300x200.jpg 300w, https:\/\/isc.lviv.ua\/wp-content\/uploads\/2026\/01\/forum-vydavcziv-_-roman-baluk-2-1-768x512.jpg 768w, https:\/\/isc.lviv.ua\/wp-content\/uploads\/2026\/01\/forum-vydavcziv-_-roman-baluk-2-1-1536x1024.jpg 1536w, https:\/\/isc.lviv.ua\/wp-content\/uploads\/2026\/01\/forum-vydavcziv-_-roman-baluk-2-1-750x500.jpg 750w, https:\/\/isc.lviv.ua\/wp-content\/uploads\/2026\/01\/forum-vydavcziv-_-roman-baluk-2-1.jpg 2048w\" sizes=\"auto, (max-width: 1024px) 100vw, 1024px\" \/><\/figure>\n\n\n\n<p><em>By Roman Baluk.<\/em><\/p>\n\n\n\n<p><strong>XXXII Book Forum<\/strong> (October 3-5 \/ Lviv). At the opening of the event, Lviv&#8217;s concept of \u201cResponsibility to Be\u201d in the ECoC 2030 competition was presented by <strong>Yuliia Khomchyn<\/strong>, director of the CSI. CSI&nbsp;communications manager <strong>Iryna Shutka<\/strong> joined the discussion \u201cFrom Visibility to Influence: Cases of Ukrainian Cultural Diplomacy\u201d organized by the International Renaissance Foundation.<\/p>\n\n\n\n<p><strong>International Cultural Forum \u201cCulture Tomorrow: A Decade for Brno Culture and Creativity\u201d<\/strong> (September 23 \/ Brno, Czech Republic). <strong>Anastasiia Nechyporenko<\/strong>, manager at the CSI, presented Lviv&#8217;s experience in strategizing, Lviv Cultural Development Strategy 2035, and Lviv as a candidate city for the title of ECoC 2030.&nbsp;<\/p>\n\n\n\n<figure class=\"wp-block-image size-large\"><img loading=\"lazy\" decoding=\"async\" width=\"1024\" height=\"682\" src=\"https:\/\/isc.lviv.ua\/wp-content\/uploads\/2026\/01\/dag-markl-kultura-brno-1-1024x682.jpg\" alt=\"\" class=\"wp-image-4961\" srcset=\"https:\/\/isc.lviv.ua\/wp-content\/uploads\/2026\/01\/dag-markl-kultura-brno-1-1024x682.jpg 1024w, https:\/\/isc.lviv.ua\/wp-content\/uploads\/2026\/01\/dag-markl-kultura-brno-1-300x200.jpg 300w, https:\/\/isc.lviv.ua\/wp-content\/uploads\/2026\/01\/dag-markl-kultura-brno-1-768x512.jpg 768w, https:\/\/isc.lviv.ua\/wp-content\/uploads\/2026\/01\/dag-markl-kultura-brno-1-750x500.jpg 750w, https:\/\/isc.lviv.ua\/wp-content\/uploads\/2026\/01\/dag-markl-kultura-brno-1.jpg 1280w\" sizes=\"auto, (max-width: 1024px) 100vw, 1024px\" \/><\/figure>\n\n\n\n<p><em>By Dag Markl.<\/em><\/p>\n\n\n\n<figure class=\"wp-block-image size-large\"><img loading=\"lazy\" decoding=\"async\" width=\"1024\" height=\"683\" src=\"https:\/\/isc.lviv.ua\/wp-content\/uploads\/2026\/01\/559123476_814467870955681_7387530201729251897_n-1-1024x683.jpg\" alt=\"\" class=\"wp-image-4962\" srcset=\"https:\/\/isc.lviv.ua\/wp-content\/uploads\/2026\/01\/559123476_814467870955681_7387530201729251897_n-1-1024x683.jpg 1024w, https:\/\/isc.lviv.ua\/wp-content\/uploads\/2026\/01\/559123476_814467870955681_7387530201729251897_n-1-300x200.jpg 300w, https:\/\/isc.lviv.ua\/wp-content\/uploads\/2026\/01\/559123476_814467870955681_7387530201729251897_n-1-768x512.jpg 768w, https:\/\/isc.lviv.ua\/wp-content\/uploads\/2026\/01\/559123476_814467870955681_7387530201729251897_n-1-1536x1024.jpg 1536w, https:\/\/isc.lviv.ua\/wp-content\/uploads\/2026\/01\/559123476_814467870955681_7387530201729251897_n-1-750x500.jpg 750w, https:\/\/isc.lviv.ua\/wp-content\/uploads\/2026\/01\/559123476_814467870955681_7387530201729251897_n-1.jpg 2048w\" sizes=\"auto, (max-width: 1024px) 100vw, 1024px\" \/><\/figure>\n\n\n\n<p><em>By the Ukrainian Institute.<\/em><\/p>\n\n\n\n<p><strong>Sixth International Forum on Cultural Diplomacy<\/strong> (October 6 \/ Kyiv). <strong>Yuliia Khomchyn<\/strong>, director of the CSI, discussed the role of urban cultural diplomacy and Lviv&#8217;s participation in the ECoC 2030 competition.<\/p>\n\n\n\n<p><strong>Dysarium<\/strong>, the largest design event of the year in Ukraine, centered on the \u201cIdentity\u201d theme (October 11-12 \/ Lviv). Mayor <strong>Andriy Sadovyi<\/strong> spoke about Lviv&#8217;s concept in the ECoC 2030 competition, \u201cResponsibility to Be.\u201d<\/p>\n\n\n\n<p><strong>A meeting dedicated to sharing information and discussion concerning Cultural Development Strategy of Lviv Community 2035<\/strong>, as part of a series of training sessions for cultural managers offered by Lviv City Council&#8217;s Department of Culture (November 4 \/ Lviv). CSI analysts <strong>Vasyl Tkachuk<\/strong> and <strong>Solomiia Tkach <\/strong>participated.<\/p>\n\n\n\n<figure class=\"wp-block-image size-large\"><img loading=\"lazy\" decoding=\"async\" width=\"1024\" height=\"678\" src=\"https:\/\/isc.lviv.ua\/wp-content\/uploads\/2026\/01\/uk-trening-u-lystopadi-3-1-1024x678.jpg\" alt=\"\" class=\"wp-image-4963\" srcset=\"https:\/\/isc.lviv.ua\/wp-content\/uploads\/2026\/01\/uk-trening-u-lystopadi-3-1-1024x678.jpg 1024w, https:\/\/isc.lviv.ua\/wp-content\/uploads\/2026\/01\/uk-trening-u-lystopadi-3-1-300x198.jpg 300w, https:\/\/isc.lviv.ua\/wp-content\/uploads\/2026\/01\/uk-trening-u-lystopadi-3-1-768x508.jpg 768w, https:\/\/isc.lviv.ua\/wp-content\/uploads\/2026\/01\/uk-trening-u-lystopadi-3-1-1536x1016.jpg 1536w, https:\/\/isc.lviv.ua\/wp-content\/uploads\/2026\/01\/uk-trening-u-lystopadi-3-1.jpg 2048w\" sizes=\"auto, (max-width: 1024px) 100vw, 1024px\" \/><\/figure>\n\n\n\n<p><\/p>\n\n\n\n<figure class=\"wp-block-image size-large\"><img loading=\"lazy\" decoding=\"async\" width=\"1024\" height=\"687\" src=\"https:\/\/isc.lviv.ua\/wp-content\/uploads\/2026\/01\/uk-trening-u-lystopadi-1-1-1024x687.jpg\" alt=\"\" class=\"wp-image-4964\" srcset=\"https:\/\/isc.lviv.ua\/wp-content\/uploads\/2026\/01\/uk-trening-u-lystopadi-1-1-1024x687.jpg 1024w, https:\/\/isc.lviv.ua\/wp-content\/uploads\/2026\/01\/uk-trening-u-lystopadi-1-1-300x201.jpg 300w, https:\/\/isc.lviv.ua\/wp-content\/uploads\/2026\/01\/uk-trening-u-lystopadi-1-1-768x515.jpg 768w, https:\/\/isc.lviv.ua\/wp-content\/uploads\/2026\/01\/uk-trening-u-lystopadi-1-1-1536x1031.jpg 1536w, https:\/\/isc.lviv.ua\/wp-content\/uploads\/2026\/01\/uk-trening-u-lystopadi-1-1.jpg 2048w\" sizes=\"auto, (max-width: 1024px) 100vw, 1024px\" \/><\/figure>\n\n\n\n<p><em>Photos provided by the Culture Department of Lviv City Council.<\/em><\/p>\n\n\n\n<p><strong>Training session \u201cStrategy as a starting point: practices and methods of strategizing for cultural institutions\u201d<\/strong>, as part of training for managers of cultural institutions in the Lviv community (November 19 \/ Lviv). The training was performed by CSI analysts <strong>Solomiya Tkach <\/strong>and <strong>Vasyl Tkachuk<\/strong>.<\/p>\n\n\n\n<p><strong>The <\/strong><strong>Team<\/strong><\/p>\n\n\n\n<p>All of the above was implemented and completed throughout 2025 by the CSI team: Yuliia Khomchyn, Lida Savchenko-Duda, Yaryna Melnyk, Vasyl Tkachuk, Solomiia Tkach, Anastasiia Nechyporenko, Iryna Shutka, Anastasiia Demianiuk, Lavrin Shymin, Yaryna Korotkevych, Nazar Bakovych, Orest Kravchyk, Oksana Babenko, Roman Lytvyn, and Olga Struzhynska.<\/p>\n\n\n\n<p>CSI Supervisory Board: Robert Piaskowski, Robert Palmer, Oksana Forostyna, Krzysztof Maj, Iryna Podolyak, Vira Baldyniuk, Leila Melesova-Valchak, Oleksandr Kobzarev.<\/p>\n\n\n\n<p><strong>Partnerships<\/strong><\/p>\n\n\n\n<ul class=\"wp-block-list\">\n<li><strong>Institutional partnership<\/strong><\/li>\n<\/ul>\n\n\n\n<p><em>Ministry of Culture of Ukraine<\/em><\/p>\n\n\n\n<p><em>Ministry of Foreign Affairs of Ukraine<\/em><\/p>\n\n\n\n<p><em>Ukrainian Cultural Foundation<\/em><\/p>\n\n\n\n<p><em>Ukrainian Institute<\/em><\/p>\n\n\n\n<p><em>Mission of Ukraine to the European Union<\/em><\/p>\n\n\n\n<p><em>Lviv Regional Military Administration<\/em><\/p>\n\n\n\n<p><em>Department of Culture, Nationalities, and Religions of Lviv Regional Military Administration<\/em><\/p>\n\n\n\n<p><em>Lviv City Council<\/em><\/p>\n\n\n\n<p><em>Department of Education and Culture of Lviv City Council<\/em><\/p>\n\n\n\n<p><em>Lviv City Council Department of Culture<\/em><\/p>\n\n\n\n<p><em>City Institute<\/em><\/p>\n\n\n\n<p><em>City Museum<\/em><\/p>\n\n\n\n<p><em>Virmenska 35 &nbsp;<\/em><\/p>\n\n\n\n<p><em>Institute of Contemporary Art<\/em><\/p>\n\n\n\n<p><em>International Renaissance Foundation<\/em><\/p>\n\n\n\n<p><em>3MIN Foundation<\/em><\/p>\n\n\n\n<p><em>Commit by MitOst gGmbH (Vidnova Placement \/ Vidnova Program)<\/em><\/p>\n\n\n\n<p><em>Literature Museum<\/em><\/p>\n\n\n\n<p><em>Coalition of Cultural Activists<\/em><\/p>\n\n\n\n<p><em>Radio Khartia<\/em><\/p>\n\n\n\n<p><em>Lviv Polytechnic National University<\/em><\/p>\n\n\n\n<p><em>Lviv National Academy of Arts<\/em><\/p>\n\n\n\n<ul class=\"wp-block-list\">\n<li><strong>Project\/event partnerships \/ joint processes<\/strong><\/li>\n<\/ul>\n\n\n\n<p><em>Ministry of Culture of the Czech Republic<\/em><\/p>\n\n\n\n<p><em>South Moravian Region<\/em><\/p>\n\n\n\n<p><em>City of Brno<\/em><\/p>\n\n\n\n<p><em>Consulate General of the Czech Republic in Lviv<\/em><\/p>\n\n\n\n<p><em>Czech Center in Kyiv<\/em><\/p>\n\n\n\n<p><em>Partnership Foundation (Czech Republic)<\/em><\/p>\n\n\n\n<p><em>V\u011btrn\u00e9 ml\u00fdny Publishing House (Czech Republic)<\/em><\/p>\n\n\n\n<p><em>Faculty of Fine Arts, Brno University of Technology<\/em><\/p>\n\n\n\n<p><em>Ukrajinsk\u00e1 iniciativa ji\u017en\u00ed Moravy \/Ukrainian Initiative of South Moravia<\/em><\/p>\n\n\n\n<p><em>Koridor UA<\/em><\/p>\n\n\n\n<p><em>TIC Brno<\/em><\/p>\n\n\n\n<p><em>Finnish Cultural Foundation<\/em><\/p>\n\n\n\n<p><em>Finnish Arts Promotion Centre<\/em><\/p>\n\n\n\n<p><em>MONO<\/em><\/p>\n\n\n\n<p><em>America House Lviv<\/em><\/p>\n\n\n\n<p><em>Gorgan Creative Group<\/em><\/p>\n\n\n\n<p><em>FAMA Agency<\/em><\/p>\n\n\n\n<p><em>CEDOS Analytical Center<\/em><\/p>\n\n\n\n<p><em>Department of Cultural Studies, UCU<\/em><\/p>\n\n\n\n<p><em>Department of Contemporary Art Practices, LNAA<\/em><\/p>\n\n\n\n<p><em>Dzyga Art Center<\/em><\/p>\n\n\n\n<p><em>Istoriya Space<\/em><\/p>\n\n\n\n<p><em>Ukrposhta<\/em><\/p>\n\n\n\n<p><em>Tempo Music Development Center<\/em><\/p>\n\n\n\n<p><em>Myroslav Skoryk Lviv National Philharmonic<\/em><\/p>\n\n\n\n<p><em>Lviv Organ Hall \/ Homin Center<\/em><\/p>\n\n\n\n<p><em>Mykola Lysenko Lviv National Music Academy<\/em><\/p>\n\n\n\n<p><em>Zenyk Art Gallery<\/em><\/p>\n\n\n\n<p><em>Klymentiy Sheptytsky Museum of Folk Architecture and Everyday Life in Lviv<\/em><\/p>\n\n\n\n<p><em>Student Self-Government of the Ukrainian Catholic University<\/em><\/p>\n\n\n\n<ul class=\"wp-block-list\">\n<li><strong>Joint initiatives<\/strong><\/li>\n<\/ul>\n\n\n\n<p><em>Lviv Regional Blood Service Center and its Board of Trustees<\/em><\/p>\n\n\n\n<p><em>City Blood Center (First Medical Union of Lviv)<\/em><\/p>\n\n\n\n<p><em>Franko House<\/em><\/p>\n\n\n\n<p><em>Lviv Historical Museum<\/em><\/p>\n\n\n\n<p><em>Andrey Sheptytsky National Museum in Lviv<\/em><\/p>\n\n\n\n<p><em>State Museum of Natural History<\/em><\/p>\n\n\n\n<p><em>Lviv Museum of the History of Religion<\/em><\/p>\n\n\n\n<p><em>Mykhailo Hrushevsky State Memorial Museum in Lviv<\/em><\/p>\n\n\n\n<p><em>Solomiya Krushelnytska Music and Memorial Museum in Lviv<\/em><\/p>\n\n\n\n<p><em>Stanislav Lyudkevych Memorial Museum<\/em><\/p>\n\n\n\n<p><em>Lviv Palace of Arts<\/em><\/p>\n\n\n\n<p><em>Borys Voznytskyi Lviv National Art Gallery<\/em><\/p>\n\n\n\n<p><em>Patyk Museum<\/em><\/p>\n\n\n\n<p><em>Lviv Photo Museum<\/em><\/p>\n\n\n\n<p><em>D.S. Secret Pharmacy Interactive Museum<\/em><\/p>\n\n\n\n<p><em>Territory of Terror<\/em><\/p>\n\n\n\n<p><em>Shum Art Gallery<\/em><\/p>\n\n\n\n<p><em>Ya Gallery and Ya Gallery Penthouse<\/em><\/p>\n\n\n\n<p><em>Jam Factory Art Center<\/em><\/p>\n\n\n\n<p><em>Mercury Art Center<\/em><\/p>\n\n\n\n<p><em>Solomiya Krushelnytska National Opera and Ballet Theatre<\/em><\/p>\n\n\n\n<p><em>Maria Zankovetska National Theater<\/em><\/p>\n\n\n\n<p><em>Les Kurbas Theater<\/em><\/p>\n\n\n\n<p><em>Lesya Ukrainka Theater<\/em><\/p>\n\n\n\n<p><em>Pershyi Theater<\/em><\/p>\n\n\n\n<p><em>Lviv Puppet Theater<\/em><\/p>\n\n\n\n<p><em>&#8220;People and Puppets\u201d Theatre<\/em><\/p>\n\n\n\n<p><em>Voskresinnia Lviv Academic Theater<\/em><\/p>\n\n\n\n<p><em>&#8220;Word and Voice\u201d Theater Center<\/em><\/p>\n\n\n\n<p><em>Nyzhnyj Zal at the Puppet Theater<\/em><\/p>\n\n\n\n<p><em>Hnat Khotkevych Palace<\/em><\/p>\n\n\n\n<p><em>Dovzhenko Center in Lviv<\/em><\/p>\n\n\n\n<p><em>\u201cHorikhovyi\u201d Lviv Film Center<\/em><\/p>\n\n\n\n<p><em>History and Local Lore Museum in Vynnyky<\/em><\/p>\n\n\n\n<p><em>Boykivshchyna Historical and Ethnographic Museum in Sambir<\/em><\/p>\n\n\n\n<p><em>Tustan <\/em><em>Reserve <\/em><em>in <\/em><em>Urych<\/em><\/p>\n\n\n\n<p><em>Nahuyevychi <\/em><em>Reserve <\/em><em>in <\/em><em>Nahuyevychi<\/em><\/p>\n\n\n\n<p><em>Drohobych <\/em><em>Salt <\/em><em>Works<\/em><\/p>\n\n\n\n<p><em>Drohobychchyna <\/em><em>Museum<\/em><\/p>\n\n\n\n<p><em>Yuri <\/em><em>Drohobych <\/em><em>Music <\/em><em>and <\/em><em>Drama <\/em><em>Theater <\/em><em>in <\/em><em>Drohobych<\/em><\/p>\n\n\n\n<p><em>Stryi Bus Station<\/em><\/p>\n\n\n\n<ul class=\"wp-block-list\">\n<li><strong>Information and media partners<\/strong><\/li>\n<\/ul>\n\n\n\n<p><em>Suspilne (Suspilne Kultura, Ukrainian Radio)<\/em><\/p>\n\n\n\n<p><em>LB.ua<\/em><\/p>\n\n\n\n<p><em>Ukrainska Pravda<\/em><\/p>\n\n\n\n<p><em>Tvoe Misto<\/em><\/p>\n\n\n\n<p><em>Zaxid.Net<\/em><\/p>\n\n\n\n<p><em>Dyvys.Info<\/em><\/p>\n\n\n\n<p><em>Radio Lux<\/em><\/p>\n\n\n\n<p><em>Radio Maximum<\/em><\/p>\n\n\n\n<p><em>Radio Nostalgie<\/em><\/p>\n\n\n\n<p><em>Lviv Post<\/em><\/p>\n\n\n\n<p><em>Pershyi Zakhidnyi<\/em><\/p>\n\n\n\n<p><em>Radio Pershe<\/em><\/p>\n\n\n\n<ul class=\"wp-block-list\">\n<li><strong>Technical Partners<\/strong><\/li>\n<\/ul>\n\n\n\n<p><em>Format-Zakhid<\/em><\/p>\n\n\n\n<p><em>City Center for Information Technologies<\/em><\/p>\n\n\n\n<p><em>Teracast Production<\/em><\/p>\n\n\n\n<p><em>Media Lviv<\/em><\/p>\n\n\n\n<p><em>Young &#038; Hungry production<\/em><\/p>\n\n\n\n<ul class=\"wp-block-list\">\n<li><strong>People involved in various projects and processes<\/strong><\/li>\n<\/ul>\n\n\n\n<p><em>Olha <\/em><em>Kotska<\/em><\/p>\n\n\n\n<p><em>Yevheniia <\/em><em>Nesterovych<\/em><\/p>\n\n\n\n<p><em>Viktoriia <\/em><em>Shvydko<\/em><\/p>\n\n\n\n<p><em>Lucia <\/em><em>Rzegorz\u00ed<\/em><em>kov\u00e1<\/em><\/p>\n\n\n\n<p><em>Oksana <\/em><em>Dashchakivska<\/em><\/p>\n\n\n\n<p><em>Anna <\/em><em>Gerych<\/em><\/p>\n\n\n\n<p><em>Halyna <\/em><em>Shevchuk<\/em><\/p>\n\n\n\n<p><em>Volodymyr <\/em><em>Shevchyk<\/em><\/p>\n\n\n\n<p><em>Ivan <\/em><em>Karbovnyk<\/em><\/p>\n\n\n\n<p><em>Oksana <\/em><em>Vaskiv<\/em><\/p>\n\n\n\n<p><em>Sofiia Mindzhala<\/em><\/p>\n\n\n\n<p><em>Uliana Prokopovych<\/em><\/p>\n\n\n\n<p><em>Mariana Prokopovych<\/em><\/p>\n\n\n\n<p><em>Gala <\/em><em>Kozutynska<\/em><\/p>\n\n\n\n<p><em>Mykhailo <\/em><em>Tsimerman<\/em><\/p>\n\n\n\n<p><em>Olha <\/em><em>Vovkohon<\/em><\/p>\n\n\n\n<p><em>Oleksandra <\/em><em>Shutova<\/em><\/p>\n\n\n\n<p><em>Olha <\/em><em>Kvasnytsia<\/em><\/p>\n\n\n\n<p><em>Yuriy <\/em><em>Tabaka<\/em><\/p>\n\n\n\n<p><em>Iryna <\/em><em>Sereda<\/em><\/p>\n\n\n\n<p><em>Vitaliy Hrabar<\/em><\/p>\n\n\n\n<p><em>Roman Baluk<\/em><\/p>\n\n\n\n<p><em>Maria Masiuk<\/em><\/p>\n\n\n\n<p><em>Andriy Artym<\/em><\/p>\n\n\n\n<p><em>Polina Pavlova<\/em><\/p>\n\n\n\n<p><em>Oleh Panov<\/em><\/p>\n\n\n\n<p><strong>Budget and finances<\/strong><\/p>\n\n\n\n<p>CSI budget was UAH 6.7 million.<\/p>\n\n\n\n<p>Funds raised \u2014 over UAH 4 million.<\/p>\n\n\n\n<p>Our grantors and sponsors:<\/p>\n\n\n\n<ul class=\"wp-block-list\">\n<li>International Renaissance Foundation<\/li>\n\n\n\n<li>3MIN Foundation<\/li>\n\n\n\n<li>Robert Bosch Stiftung<\/li>\n\n\n\n<li>Consulate General of the Republic of Poland in Lviv<\/li>\n\n\n\n<li>Polish Institute in Kyiv<\/li>\n\n\n\n<li>Kredobank<\/li>\n\n\n\n<li>Ministry of Culture of the Czech Republic<\/li>\n\n\n\n<li>Faculty of Fine Arts, Brno University of Technology<\/li>\n\n\n\n<li>Finnish Cultural Foundation<\/li>\n<\/ul>\n\n\n\n<p>Speaking about the city as a whole, Lviv City Council approved the community budget for 2026 on December 18, 2025. The budget envisages culture, alongside with education and sports, as one of five priorities for the development of Lviv. <a href=\"https:\/\/isc.lviv.ua\/groshi-na-kulturukontekst-i-priorytety-byudzhetu-2026\/?fbclid=IwY2xjawPEbihleHRuA2FlbQIxMABicmlkETFXYmhaWmtwZ1RwVXRnRFpKc3J0YwZhcHBfaWQQMjIyMDM5MTc4ODIwMDg5MgABHqtT1NVmxykhTk-sk_z8OT3ZISoyY7Ids3chpDm4GysQN84zvv7bNbfcZ_rm_aem_S_viXs02R-GtKvTvnMOZOA\">Our review \u201cMoney for Culture\u201d<\/a> discusses how funds for culture are allocated in the 2026 Budget.<\/p>\n","protected":false},"excerpt":{"rendered":"<p>In planning for 2025, our team has set three priorities: finalizing and adopting a new Cultural Development Strategy of Lviv Community, submitting Lviv&#8217;s application for the European Union&#8217;s European Capital of Culture 2030 (ECoC 2030) competition, and holding the IV Culture Congress. All of this \u2014 and even more ) \u2014 was put into effect. [&hellip;]<\/p>\n","protected":false},"author":2,"featured_media":0,"comment_status":"closed","ping_status":"closed","sticky":false,"template":"","format":"standard","meta":{"footnotes":""},"categories":[42,1],"tags":[],"class_list":["post-4810","post","type-post","status-publish","format-standard","hentry","category-zvity","category-news"],"amp_enabled":true,"_links":{"self":[{"href":"https:\/\/isc.lviv.ua\/en\/wp-json\/wp\/v2\/posts\/4810","targetHints":{"allow":["GET"]}}],"collection":[{"href":"https:\/\/isc.lviv.ua\/en\/wp-json\/wp\/v2\/posts"}],"about":[{"href":"https:\/\/isc.lviv.ua\/en\/wp-json\/wp\/v2\/types\/post"}],"author":[{"embeddable":true,"href":"https:\/\/isc.lviv.ua\/en\/wp-json\/wp\/v2\/users\/2"}],"replies":[{"embeddable":true,"href":"https:\/\/isc.lviv.ua\/en\/wp-json\/wp\/v2\/comments?post=4810"}],"version-history":[{"count":4,"href":"https:\/\/isc.lviv.ua\/en\/wp-json\/wp\/v2\/posts\/4810\/revisions"}],"predecessor-version":[{"id":5049,"href":"https:\/\/isc.lviv.ua\/en\/wp-json\/wp\/v2\/posts\/4810\/revisions\/5049"}],"wp:attachment":[{"href":"https:\/\/isc.lviv.ua\/en\/wp-json\/wp\/v2\/media?parent=4810"}],"wp:term":[{"taxonomy":"category","embeddable":true,"href":"https:\/\/isc.lviv.ua\/en\/wp-json\/wp\/v2\/categories?post=4810"},{"taxonomy":"post_tag","embeddable":true,"href":"https:\/\/isc.lviv.ua\/en\/wp-json\/wp\/v2\/tags?post=4810"}],"curies":[{"name":"wp","href":"https:\/\/api.w.org\/{rel}","templated":true}]}}